{"id":31284,"date":"2022-09-03T15:43:04","date_gmt":"2022-09-03T20:43:04","guid":{"rendered":"https:\/\/encuentroinformativo.com.mx\/?p=31284"},"modified":"2022-09-03T15:43:08","modified_gmt":"2022-09-03T20:43:08","slug":"celebra-fiscal-tres-anos-en-el-cargo","status":"publish","type":"post","link":"https:\/\/encuentroinformativo.com.mx\/?p=31284","title":{"rendered":"Celebra fiscal tres a\u00f1os en el cargo"},"content":{"rendered":"\n<p><strong>Dar\u00edo Pale<\/strong><\/p>\n\n\n\n<p>Xalapa, Ver.- A pesar de que el proceso por el que se designo como encargada de despacho fue violatorio de la ley, hace tres a\u00f1os hoy la fiscal general del Estado, Ver\u00f3nica Hern\u00e1ndez Giad\u00e1ns celebr\u00f3 su llegada a dicho \u00f3rgano aut\u00f3nomo.<\/p>\n\n\n\n<p>En un video y un comunicado que subi\u00f3 a sus redes sociales destac\u00f3 que este 03 de septiembre cumplieron tres a\u00f1os en los que una mujer lleg\u00f3 a la Fiscal\u00eda para recuperar la confianza de la ciudadan\u00eda.<\/p>\n\n\n\n<p>No obstante los se\u00f1alamientos de las v\u00edctimas de desaparecidos que la acusan de no hacer nada ya que las carpetas de investigaci\u00f3n no tienen avances y no los dejan trabajar.<\/p>\n\n\n\n<p>Cabe recordar que en 2019, el Congreso del Estado, la mayor\u00eda de Morena con el apoyo del PRI, separaron del cargo de manera temporal a Jorge Winhckler, hoy recluido en un penal de m\u00e1xima seguridad, por no acreditar el examen de control y confianza para estar en el cargo.<\/p>\n\n\n\n<p>En medio de jaloneos se nombr\u00f3 a Ver\u00f3nica Hern\u00e1ndez Giad\u00e1ns como encargada de despacho, por esa misma mayor\u00eda de Morena. Y es que la diputaci\u00f3n permanente no era la autoridad con las atribuciones para votar la separaci\u00f3n de Wincker, ni nombrarla.<\/p>\n\n\n\n<p>Su llegada a la Fiscal\u00eda se dio en medio de un fuerte operativo de seguridad, los elementos de la SSP golpearon a diputados del PAN que intentaron impedir tomara las oficinas.<\/p>\n\n\n\n<p>&#8220;La encargada en este momento (de la Fiscal\u00eda) soy yo, entonces todos est\u00e1n a mi disposici\u00f3n y a mis ordenes, (\u2026) le pido que reconsidere para que usted no cometa un delito. Soy la fiscal, tom\u00e9 protesta y le pido me permita pasar&#8221;, expres\u00f3 al encargado de seguridad que le ped\u00eda identificarse.<\/p>\n\n\n\n<p>Ya para el 28 de mayo del 2020, la mayor\u00eda -nuevamente de Morena y PRI -38 a favor y 12 en contra- la nombraron por un periodo de 9 a\u00f1os.<\/p>\n\n\n\n<p>El 13 de junio de este a\u00f1o magistrados del Segundo Tribunal Colegiado en Materia Administrativa del S\u00e9ptimo Circuito del Consejo de la Judicatura Federal revisaron un recurso que presento Jorge Winckler por el que buscaba ser restituido en el cargo.<\/p>\n\n\n\n<p>En el an\u00e1lisis de la queja de Jorge N, los magistrados analizaron el proceso por el que Ver\u00f3nica Hern\u00e1ndez Giad\u00e1ns hab\u00eda llegado como encargada de despacho y reconocieron que la Fiscal no deb\u00eda ser nombrada por la diputaci\u00f3n permanente, sin embargo, justificaron su permanencia con el argumento que el pleno la eligi\u00f3 en mayo del 2020.<\/p>\n","protected":false},"excerpt":{"rendered":"<p>Dar\u00edo Pale Xalapa, Ver.- A pesar de que el proceso por el que se designo como encargada de despacho fue violatorio de la ley, hace tres a\u00f1os hoy la fiscal general del Estado, Ver\u00f3nica Hern\u00e1ndez Giad\u00e1ns celebr\u00f3 su llegada a dicho \u00f3rgano aut\u00f3nomo. En un video y un comunicado que subi\u00f3 a sus redes sociales [&hellip;]<\/p>\n","protected":false},"author":1,"featured_media":31285,"comment_status":"open","ping_status":"open","sticky":false,"template":"","format":"standard","meta":{"_jetpack_memberships_contains_paid_content":false,"footnotes":""},"categories":[2],"tags":[],"class_list":["post-31284","post","type-post","status-publish","format-standard","has-post-thumbnail","hentry","category-estado"],"jetpack_featured_media_url":"https:\/\/encuentroinformativo.com.mx\/wp-content\/uploads\/2022\/09\/207B965E-B217-4C5B-BF86-36D41595B475.jpeg","jetpack_sharing_enabled":true,"jetpack_likes_enabled":true,"amp_enabled":true,"_links":{"self":[{"href":"https:\/\/encuentroinformativo.com.mx\/index.php?rest_route=\/wp\/v2\/posts\/31284","targetHints":{"allow":["GET"]}}],"collection":[{"href":"https:\/\/encuentroinformativo.com.mx\/index.php?rest_route=\/wp\/v2\/posts"}],"about":[{"href":"https:\/\/encuentroinformativo.com.mx\/index.php?rest_route=\/wp\/v2\/types\/post"}],"author":[{"embeddable":true,"href":"https:\/\/encuentroinformativo.com.mx\/index.php?rest_route=\/wp\/v2\/users\/1"}],"replies":[{"embeddable":true,"href":"https:\/\/encuentroinformativo.com.mx\/index.php?rest_route=%2Fwp%2Fv2%2Fcomments&post=31284"}],"version-history":[{"count":1,"href":"https:\/\/encuentroinformativo.com.mx\/index.php?rest_route=\/wp\/v2\/posts\/31284\/revisions"}],"predecessor-version":[{"id":31286,"href":"https:\/\/encuentroinformativo.com.mx\/index.php?rest_route=\/wp\/v2\/posts\/31284\/revisions\/31286"}],"wp:featuredmedia":[{"embeddable":true,"href":"https:\/\/encuentroinformativo.com.mx\/index.php?rest_route=\/wp\/v2\/media\/31285"}],"wp:attachment":[{"href":"https:\/\/encuentroinformativo.com.mx\/index.php?rest_route=%2Fwp%2Fv2%2Fmedia&parent=31284"}],"wp:term":[{"taxonomy":"category","embeddable":true,"href":"https:\/\/encuentroinformativo.com.mx\/index.php?rest_route=%2Fwp%2Fv2%2Fcategories&post=31284"},{"taxonomy":"post_tag","embeddable":true,"href":"https:\/\/encuentroinformativo.com.mx\/index.php?rest_route=%2Fwp%2Fv2%2Ftags&post=31284"}],"curies":[{"name":"wp","href":"https:\/\/api.w.org\/{rel}","templated":true}]}}