{"id":31289,"date":"2022-09-03T16:14:36","date_gmt":"2022-09-03T21:14:36","guid":{"rendered":"https:\/\/encuentroinformativo.com.mx\/?p=31289"},"modified":"2022-09-03T16:14:40","modified_gmt":"2022-09-03T21:14:40","slug":"por-el-momento-descarta-aspiraciones-javier-herrera","status":"publish","type":"post","link":"https:\/\/encuentroinformativo.com.mx\/?p=31289","title":{"rendered":"Por el momento, descarta aspiraciones Javier Herrera"},"content":{"rendered":"\n<p><strong>Dar\u00edo Pale <\/strong><\/p>\n\n\n\n<p>Xalapa, Ver.- Por el momento no tiene &#8220;aspiraciones&#8221; para gobernar a Veracruz as\u00ed lo inform\u00f3 Javier Herrera Borunda, secretario de Organizaci\u00f3n del Partido Verde Ecologista de M\u00e9xico (PVEM).<\/p>\n\n\n\n<p>Entrevistado previo a la reuni\u00f3n con regidores de su partido el hijo del exgobernador Fidel Herrera Beltr\u00e1n, en su visita en Xalapa para tomar la protesta a la Asociaci\u00f3n Estatal de Regidores Verdes, confirm\u00f3 que su pap\u00e1 est\u00e1 bien de salud.<\/p>\n\n\n\n<p>En una atropellada entrevista, evit\u00f3 responder sobre la renuncia de alcaldes que optaron por sumarse a las filas de Morena, luego de que fueron postulados por el Verde Ecologista, y pidi\u00f3 entrar al recinto donde se desarrollar\u00eda el evento.<\/p>\n\n\n\n<p>Se limit\u00f3 a decir que el partido Verde respald\u00f3 las reformas para incluir a la Guardia Nacional en la estructura de la Secretar\u00eda de la Defensa Nacional (Sedena), \u201cel voto del verde estuvo presente, acompa\u00f1ando el proyecto del presidente\u201d.<\/p>\n\n\n\n<p>Al cuestionarlo &#8220;\u00bfTienes aspiraciones para ser gobernador de Veracruz? En este momento soy secretario Organizaci\u00f3n, ahorita no aspiro a ser gobernador&#8221;.<\/p>\n\n\n\n<p>Finalmente al preguntar sobre la salud se su papa coment\u00f3 que &#8220;bien gracias a Dios, los cuidados familiares gracias a Dios bien&#8221;.<\/p>\n","protected":false},"excerpt":{"rendered":"<p>Dar\u00edo Pale Xalapa, Ver.- Por el momento no tiene &#8220;aspiraciones&#8221; para gobernar a Veracruz as\u00ed lo inform\u00f3 Javier Herrera Borunda, secretario de Organizaci\u00f3n del Partido Verde Ecologista de M\u00e9xico (PVEM). Entrevistado previo a la reuni\u00f3n con regidores de su partido el hijo del exgobernador Fidel Herrera Beltr\u00e1n, en su visita en Xalapa para tomar la [&hellip;]<\/p>\n","protected":false},"author":1,"featured_media":31290,"comment_status":"open","ping_status":"open","sticky":false,"template":"","format":"standard","meta":{"_jetpack_memberships_contains_paid_content":false,"footnotes":""},"categories":[2],"tags":[],"class_list":["post-31289","post","type-post","status-publish","format-standard","has-post-thumbnail","hentry","category-estado"],"jetpack_featured_media_url":"https:\/\/encuentroinformativo.com.mx\/wp-content\/uploads\/2022\/09\/34D6E8E1-FA92-42B4-8708-056EC3841506.jpeg","jetpack_sharing_enabled":true,"jetpack_likes_enabled":true,"amp_enabled":true,"_links":{"self":[{"href":"https:\/\/encuentroinformativo.com.mx\/index.php?rest_route=\/wp\/v2\/posts\/31289","targetHints":{"allow":["GET"]}}],"collection":[{"href":"https:\/\/encuentroinformativo.com.mx\/index.php?rest_route=\/wp\/v2\/posts"}],"about":[{"href":"https:\/\/encuentroinformativo.com.mx\/index.php?rest_route=\/wp\/v2\/types\/post"}],"author":[{"embeddable":true,"href":"https:\/\/encuentroinformativo.com.mx\/index.php?rest_route=\/wp\/v2\/users\/1"}],"replies":[{"embeddable":true,"href":"https:\/\/encuentroinformativo.com.mx\/index.php?rest_route=%2Fwp%2Fv2%2Fcomments&post=31289"}],"version-history":[{"count":1,"href":"https:\/\/encuentroinformativo.com.mx\/index.php?rest_route=\/wp\/v2\/posts\/31289\/revisions"}],"predecessor-version":[{"id":31291,"href":"https:\/\/encuentroinformativo.com.mx\/index.php?rest_route=\/wp\/v2\/posts\/31289\/revisions\/31291"}],"wp:featuredmedia":[{"embeddable":true,"href":"https:\/\/encuentroinformativo.com.mx\/index.php?rest_route=\/wp\/v2\/media\/31290"}],"wp:attachment":[{"href":"https:\/\/encuentroinformativo.com.mx\/index.php?rest_route=%2Fwp%2Fv2%2Fmedia&parent=31289"}],"wp:term":[{"taxonomy":"category","embeddable":true,"href":"https:\/\/encuentroinformativo.com.mx\/index.php?rest_route=%2Fwp%2Fv2%2Fcategories&post=31289"},{"taxonomy":"post_tag","embeddable":true,"href":"https:\/\/encuentroinformativo.com.mx\/index.php?rest_route=%2Fwp%2Fv2%2Ftags&post=31289"}],"curies":[{"name":"wp","href":"https:\/\/api.w.org\/{rel}","templated":true}]}}