{"id":31292,"date":"2022-09-03T16:35:09","date_gmt":"2022-09-03T21:35:09","guid":{"rendered":"https:\/\/encuentroinformativo.com.mx\/?p=31292"},"modified":"2022-09-03T16:35:14","modified_gmt":"2022-09-03T21:35:14","slug":"lluvias-dejan-afectaciones-en-veracruz-puerto-pc","status":"publish","type":"post","link":"https:\/\/encuentroinformativo.com.mx\/?p=31292","title":{"rendered":"Lluvias dejan afectaciones en Veracruz puerto: PC"},"content":{"rendered":"\n<p><strong>Dar\u00edo Pale<\/strong><\/p>\n\n\n\n<p>Xalapa, Ver.- La Secretaria de Protecci\u00f3n Civil Guadalupe Osorno Maldonado inform\u00f3 que debido a las fuertes lluvias que se registraron este d\u00eda, ocasionaron inundaciones en el Puerto de Veracruz por lo que conductores de veh\u00edculos quedaron atrapados y fueron rescatados por elementos de la Guardia Nacional.<\/p>\n\n\n\n<p>En entrevista dijo que la alerta gris sigue activa por las lluvias ocasionadas por la vaguada generalizada en todo el estado.<\/p>\n\n\n\n<p>\u201cPrincipalmente tenemos afectaciones, anegamientos en el Puerto de Veracruz, lo estamos atendiendo con el apoyo de la Guardia Nacional y con el apoyo de la SEDENA, fueron rescatados conductores de sus veh\u00edculos\u201d, coment\u00f3.<\/p>\n\n\n\n<p>Indic\u00f3 que hasta el momento es el \u00fanico punto que se est\u00e1 atendiendo, y el resto del estado se est\u00e1 vigilando, as\u00ed como en las altas monta\u00f1as donde se tiene pron\u00f3stico de lluvias intensas.<\/p>\n\n\n\n<p>De igual forma se mantiene contacto con el Secretario de Turismo Iv\u00e1n Mart\u00ednez, por el Festival de Costa Esmeralda, para que en caso de ser necesario intervenir y suspenderlo, pero hasta el momento la fiesta se mantiene.<\/p>\n\n\n\n<p>\u201cHemos estado en coordinaci\u00f3n con el secretario Iv\u00e1n Mart\u00ednez con el tema de Costa Esmeralda, en este momento siguen las actividades y vamos a ir decidiendo si vamos a llevar a cabo todas las actividades o vamos a suspender algunas\u201d, se\u00f1al\u00f3.<\/p>\n\n\n\n<p>Resalt\u00f3 que se tiene reporte de tormentas el\u00e9ctricas en la zona por lo que m\u00e1s tarde decidir\u00e1n si contin\u00faan los eventos, dado que hoy es el d\u00eda m\u00e1s intenso de la lluvia y a partir de ma\u00f1ana las precipitaciones ir\u00e1n a la baja.<\/p>\n\n\n\n<p>Dijo que se tienen listos los refugios temporales y en caso de activarlos se notificar\u00e1 a la poblaci\u00f3n para que acudan.<\/p>\n\n\n\n<p>Finalmente dio a conocer que, \u201ctenemos riesgos de deslaves particularmente en la zona de las altas monta\u00f1as que es una de las preocupaciones que tenemos, pero hasta el momento si ha habido deslaves a algunas viviendas pero no tenemos personas lesionadas\u201d.<\/p>\n\n\n\n<figure class=\"wp-block-image size-large\"><img loading=\"lazy\" decoding=\"async\" width=\"1024\" height=\"768\" src=\"https:\/\/encuentroinformativo.com.mx\/wp-content\/uploads\/2022\/09\/E38C3041-2DD4-474E-97D8-397322D89C5D.jpeg\" alt=\"\" class=\"wp-image-31294\" srcset=\"https:\/\/encuentroinformativo.com.mx\/wp-content\/uploads\/2022\/09\/E38C3041-2DD4-474E-97D8-397322D89C5D.jpeg 1024w, https:\/\/encuentroinformativo.com.mx\/wp-content\/uploads\/2022\/09\/E38C3041-2DD4-474E-97D8-397322D89C5D-300x225.jpeg 300w, https:\/\/encuentroinformativo.com.mx\/wp-content\/uploads\/2022\/09\/E38C3041-2DD4-474E-97D8-397322D89C5D-768x576.jpeg 768w\" sizes=\"auto, (max-width: 1024px) 100vw, 1024px\" \/><\/figure>\n","protected":false},"excerpt":{"rendered":"<p>Dar\u00edo Pale Xalapa, Ver.- La Secretaria de Protecci\u00f3n Civil Guadalupe Osorno Maldonado inform\u00f3 que debido a las fuertes lluvias que se registraron este d\u00eda, ocasionaron inundaciones en el Puerto de Veracruz por lo que conductores de veh\u00edculos quedaron atrapados y fueron rescatados por elementos de la Guardia Nacional. En entrevista dijo que la alerta gris [&hellip;]<\/p>\n","protected":false},"author":1,"featured_media":31293,"comment_status":"open","ping_status":"open","sticky":false,"template":"","format":"standard","meta":{"_jetpack_memberships_contains_paid_content":false,"footnotes":""},"categories":[2],"tags":[],"class_list":["post-31292","post","type-post","status-publish","format-standard","has-post-thumbnail","hentry","category-estado"],"jetpack_featured_media_url":"https:\/\/encuentroinformativo.com.mx\/wp-content\/uploads\/2022\/09\/59FACA5F-829A-4B39-81C0-A6078057AE70.jpeg","jetpack_sharing_enabled":true,"jetpack_likes_enabled":true,"amp_enabled":true,"_links":{"self":[{"href":"https:\/\/encuentroinformativo.com.mx\/index.php?rest_route=\/wp\/v2\/posts\/31292","targetHints":{"allow":["GET"]}}],"collection":[{"href":"https:\/\/encuentroinformativo.com.mx\/index.php?rest_route=\/wp\/v2\/posts"}],"about":[{"href":"https:\/\/encuentroinformativo.com.mx\/index.php?rest_route=\/wp\/v2\/types\/post"}],"author":[{"embeddable":true,"href":"https:\/\/encuentroinformativo.com.mx\/index.php?rest_route=\/wp\/v2\/users\/1"}],"replies":[{"embeddable":true,"href":"https:\/\/encuentroinformativo.com.mx\/index.php?rest_route=%2Fwp%2Fv2%2Fcomments&post=31292"}],"version-history":[{"count":1,"href":"https:\/\/encuentroinformativo.com.mx\/index.php?rest_route=\/wp\/v2\/posts\/31292\/revisions"}],"predecessor-version":[{"id":31295,"href":"https:\/\/encuentroinformativo.com.mx\/index.php?rest_route=\/wp\/v2\/posts\/31292\/revisions\/31295"}],"wp:featuredmedia":[{"embeddable":true,"href":"https:\/\/encuentroinformativo.com.mx\/index.php?rest_route=\/wp\/v2\/media\/31293"}],"wp:attachment":[{"href":"https:\/\/encuentroinformativo.com.mx\/index.php?rest_route=%2Fwp%2Fv2%2Fmedia&parent=31292"}],"wp:term":[{"taxonomy":"category","embeddable":true,"href":"https:\/\/encuentroinformativo.com.mx\/index.php?rest_route=%2Fwp%2Fv2%2Fcategories&post=31292"},{"taxonomy":"post_tag","embeddable":true,"href":"https:\/\/encuentroinformativo.com.mx\/index.php?rest_route=%2Fwp%2Fv2%2Ftags&post=31292"}],"curies":[{"name":"wp","href":"https:\/\/api.w.org\/{rel}","templated":true}]}}