{"id":31296,"date":"2022-09-03T16:41:40","date_gmt":"2022-09-03T21:41:40","guid":{"rendered":"https:\/\/encuentroinformativo.com.mx\/?p=31296"},"modified":"2022-09-03T16:41:44","modified_gmt":"2022-09-03T21:41:44","slug":"se-mantiene-alerta-gris-en-veracruz-2","status":"publish","type":"post","link":"https:\/\/encuentroinformativo.com.mx\/?p=31296","title":{"rendered":"Se mantiene Alerta Gris en Veracruz"},"content":{"rendered":"\n<p><strong>Dar\u00edo Pale <\/strong><\/p>\n\n\n\n<p>Xalapa, Ver.- El gobernador del estado Cuitl\u00e1huac Garc\u00eda Jim\u00e9nez dio a conocer que contin\u00faa la Alerta Gris, por lo que es necesario estar al pendiente de la acumulaci\u00f3n de agua ya que continuar\u00e1n las lluvias.<\/p>\n\n\n\n<p>En entrevista se\u00f1al\u00f3 que la alerta se mantiene en toda la zona centro de Veracruz y aunque todav\u00eda no se reportan deslaves o alg\u00fan otro incidente es necesario mantenerse atentos a lo que indiquen las autoridades de Protecci\u00f3n Civil.<\/p>\n\n\n\n<p>Inform\u00f3 que el pron\u00f3stico indica que las lluvias van a continuar en el estado y exhort\u00f3 a la poblaci\u00f3n a resguardarse y estar pendientes de lo que se informe sobre cualquier cambio en el clima.<\/p>\n\n\n\n<p>En otro orden de ideas el mandatario estatal dijo que es respetuoso de las manifestaciones que expresen otros partidos pol\u00edticos, como el Partido Verde Ecologista de M\u00e9xico, que expres\u00f3 su inter\u00e9s por mantener las alianzas a nivel federal.<\/p>\n\n\n\n<p>En cuanto a los tres a\u00f1os de la Fiscal General del Estado coment\u00f3 que logr\u00f3 promover un acuerdo con el fiscal general de la Rep\u00fablica, Gertz Manero, para exhortar a la Suprema Corte de Justicia de la Naci\u00f3n a no eliminar la presi\u00f3n preventiva oficiosa.<\/p>\n\n\n\n<p>Ante los se\u00f1alamientos de los colectivos de b\u00fasqueda de personas desaparecidas que, critican que no ha realizado un buen trabajo en el tema, el mandatario estatal dijo ser respetuoso de sus opiniones, sin embargo no se puede negar que existe un cambio radical en la b\u00fasqueda de personas.<\/p>\n\n\n\n<p>\u201cAntes no exist\u00eda ni siquiera la comisi\u00f3n estatal de b\u00fasqueda, ni hab\u00eda mecanismo, no ten\u00edan presupuesto, ni equipo, ni personal, hoy tiene todo eso y adem\u00e1s funciona el mecanismo de b\u00fasqueda que era algo descuidado\u201d.<\/p>\n\n\n\n<p>Finalmente resalt\u00f3 que hoy en d\u00eda se trabaja de la mano con los colectivos de b\u00fasqueda los cuales participan de manera conjunta.<\/p>\n","protected":false},"excerpt":{"rendered":"<p>Dar\u00edo Pale Xalapa, Ver.- El gobernador del estado Cuitl\u00e1huac Garc\u00eda Jim\u00e9nez dio a conocer que contin\u00faa la Alerta Gris, por lo que es necesario estar al pendiente de la acumulaci\u00f3n de agua ya que continuar\u00e1n las lluvias. En entrevista se\u00f1al\u00f3 que la alerta se mantiene en toda la zona centro de Veracruz y aunque todav\u00eda [&hellip;]<\/p>\n","protected":false},"author":1,"featured_media":31297,"comment_status":"open","ping_status":"open","sticky":false,"template":"","format":"standard","meta":{"_jetpack_memberships_contains_paid_content":false,"footnotes":""},"categories":[2],"tags":[],"class_list":["post-31296","post","type-post","status-publish","format-standard","has-post-thumbnail","hentry","category-estado"],"jetpack_featured_media_url":"https:\/\/encuentroinformativo.com.mx\/wp-content\/uploads\/2022\/09\/F6F0AC96-7126-4DF4-9635-3D213B2C9DCD.jpeg","jetpack_sharing_enabled":true,"jetpack_likes_enabled":true,"amp_enabled":true,"_links":{"self":[{"href":"https:\/\/encuentroinformativo.com.mx\/index.php?rest_route=\/wp\/v2\/posts\/31296","targetHints":{"allow":["GET"]}}],"collection":[{"href":"https:\/\/encuentroinformativo.com.mx\/index.php?rest_route=\/wp\/v2\/posts"}],"about":[{"href":"https:\/\/encuentroinformativo.com.mx\/index.php?rest_route=\/wp\/v2\/types\/post"}],"author":[{"embeddable":true,"href":"https:\/\/encuentroinformativo.com.mx\/index.php?rest_route=\/wp\/v2\/users\/1"}],"replies":[{"embeddable":true,"href":"https:\/\/encuentroinformativo.com.mx\/index.php?rest_route=%2Fwp%2Fv2%2Fcomments&post=31296"}],"version-history":[{"count":1,"href":"https:\/\/encuentroinformativo.com.mx\/index.php?rest_route=\/wp\/v2\/posts\/31296\/revisions"}],"predecessor-version":[{"id":31298,"href":"https:\/\/encuentroinformativo.com.mx\/index.php?rest_route=\/wp\/v2\/posts\/31296\/revisions\/31298"}],"wp:featuredmedia":[{"embeddable":true,"href":"https:\/\/encuentroinformativo.com.mx\/index.php?rest_route=\/wp\/v2\/media\/31297"}],"wp:attachment":[{"href":"https:\/\/encuentroinformativo.com.mx\/index.php?rest_route=%2Fwp%2Fv2%2Fmedia&parent=31296"}],"wp:term":[{"taxonomy":"category","embeddable":true,"href":"https:\/\/encuentroinformativo.com.mx\/index.php?rest_route=%2Fwp%2Fv2%2Fcategories&post=31296"},{"taxonomy":"post_tag","embeddable":true,"href":"https:\/\/encuentroinformativo.com.mx\/index.php?rest_route=%2Fwp%2Fv2%2Ftags&post=31296"}],"curies":[{"name":"wp","href":"https:\/\/api.w.org\/{rel}","templated":true}]}}