{"id":3130,"date":"2020-06-05T19:16:31","date_gmt":"2020-06-06T00:16:31","guid":{"rendered":"https:\/\/encuentroinformativo.com\/?p=3130"},"modified":"2020-06-05T19:16:57","modified_gmt":"2020-06-06T00:16:57","slug":"activistas-recuerdan-incendio-de-guarderia-abc","status":"publish","type":"post","link":"https:\/\/encuentroinformativo.com.mx\/?p=3130","title":{"rendered":"Activistas recuerdan incendio de Guarder\u00eda ABC"},"content":{"rendered":"\n<p><strong>Juan Arcos\/Dar\u00edo Pale <\/strong><\/p>\n\n\n\n<p>Xalapa, Ver.- Activistas colocaron fotograf\u00edas sobre Plaza Sebasti\u00e1n Lerdo de Tejada para recordar a las 49 ni\u00f1as y ni\u00f1os que murieron hace 11 a\u00f1os en el incendio de la Guarder\u00eda ABC, en el estado de Sonora.<\/p>\n\n\n\n<p>Los defensores de los derechos humanos dijeron que hasta el momento no ha habido justicia en el caso.<\/p>\n\n\n\n<p>El activista \u00d3scar Espino V\u00e1zquez indic\u00f3 que cada vez m\u00e1s j\u00f3venes se han sumado a la protesta, misma que se lleva a cabo a\u00f1o tras a\u00f1o.<\/p>\n\n\n\n<p>\u201cNos comprometimos que cada a\u00f1o recordar\u00edamos los hechos. Quien coordina es un grupo de personas mayores, hoy por la contingencia nos pidieron de favor que se siguiera escuchando la voz de quienes exigimos justicia\u201d.<\/p>\n\n\n\n<p>El entrevistado destac\u00f3 que en dicha tragedia ha prevalecido la negligencia por parte del Estado.<\/p>\n\n\n\n<p>\u201cNos comprometimos con sus padres a qu\u00e9 cada a\u00f1o recordar\u00edamos esta tragedia y que seguir\u00edamos pudiendo justicia hasta que los culpables est\u00e9n en la c\u00e1rcel&#8221;, coment\u00f3.\u00a0<\/p>\n\n\n\n<p>Y es que record\u00f3 que presuntamente se investigar\u00edan probables v\u00ednculos entre la cadena de mando en las guarder\u00edas y pol\u00edticos de Sonora.<\/p>\n\n\n\n<p>A\u00f1adi\u00f3 que se hab\u00eda se\u00f1alado a Margarita Zavala, exprimera dama; sin embargo, dijo desconocer si se llevaron a cabo las diligencias en su contra.<\/p>\n\n\n\n<p>\u201cNo tenemos conocimiento de que personas vinculadas a ellos hayan sido procesadas y sentenciadas por esta tragedia, por eso seguimos exigiendo justicia\u201d, remat\u00f3.<\/p>\n\n\n\n<p>Por \u00faltimo cabe se\u00f1alar que en las escalinatas de la Catedral Metropolitana de Xalapa fueron colocadas lonas con los rostros de los menores y consignas de justicia.<\/p>\n\n\n\n<figure class=\"wp-block-image size-large\"><img loading=\"lazy\" decoding=\"async\" width=\"1280\" height=\"853\" src=\"https:\/\/i0.wp.com\/encuentroinformativo.com\/wp-content\/uploads\/2020\/06\/A1684A12-6DA0-4E25-9392-8F907C878B72.jpeg?fit=640%2C426&amp;ssl=1\" alt=\"\" class=\"wp-image-3132\" srcset=\"https:\/\/encuentroinformativo.com.mx\/wp-content\/uploads\/2020\/06\/A1684A12-6DA0-4E25-9392-8F907C878B72.jpeg 1280w, https:\/\/encuentroinformativo.com.mx\/wp-content\/uploads\/2020\/06\/A1684A12-6DA0-4E25-9392-8F907C878B72-300x200.jpeg 300w, https:\/\/encuentroinformativo.com.mx\/wp-content\/uploads\/2020\/06\/A1684A12-6DA0-4E25-9392-8F907C878B72-1024x682.jpeg 1024w, https:\/\/encuentroinformativo.com.mx\/wp-content\/uploads\/2020\/06\/A1684A12-6DA0-4E25-9392-8F907C878B72-768x512.jpeg 768w\" sizes=\"auto, (max-width: 1280px) 100vw, 1280px\" \/><\/figure>\n","protected":false},"excerpt":{"rendered":"<p>Juan Arcos\/Dar\u00edo Pale Xalapa, Ver.- Activistas colocaron fotograf\u00edas sobre Plaza Sebasti\u00e1n Lerdo de Tejada para recordar a las 49 ni\u00f1as y ni\u00f1os que murieron hace 11 a\u00f1os en el incendio de la Guarder\u00eda ABC, en el estado de Sonora. Los defensores de los derechos humanos dijeron que hasta el momento no ha habido justicia en [&hellip;]<\/p>\n","protected":false},"author":1,"featured_media":3131,"comment_status":"open","ping_status":"open","sticky":false,"template":"","format":"standard","meta":{"_jetpack_memberships_contains_paid_content":false,"footnotes":""},"categories":[2],"tags":[],"class_list":["post-3130","post","type-post","status-publish","format-standard","has-post-thumbnail","hentry","category-estado"],"jetpack_featured_media_url":"https:\/\/encuentroinformativo.com.mx\/wp-content\/uploads\/2020\/06\/E5F72DC9-69F7-4D63-B838-8CFB067F1406.jpeg","jetpack_sharing_enabled":true,"jetpack_likes_enabled":true,"amp_enabled":true,"_links":{"self":[{"href":"https:\/\/encuentroinformativo.com.mx\/index.php?rest_route=\/wp\/v2\/posts\/3130","targetHints":{"allow":["GET"]}}],"collection":[{"href":"https:\/\/encuentroinformativo.com.mx\/index.php?rest_route=\/wp\/v2\/posts"}],"about":[{"href":"https:\/\/encuentroinformativo.com.mx\/index.php?rest_route=\/wp\/v2\/types\/post"}],"author":[{"embeddable":true,"href":"https:\/\/encuentroinformativo.com.mx\/index.php?rest_route=\/wp\/v2\/users\/1"}],"replies":[{"embeddable":true,"href":"https:\/\/encuentroinformativo.com.mx\/index.php?rest_route=%2Fwp%2Fv2%2Fcomments&post=3130"}],"version-history":[{"count":1,"href":"https:\/\/encuentroinformativo.com.mx\/index.php?rest_route=\/wp\/v2\/posts\/3130\/revisions"}],"predecessor-version":[{"id":3133,"href":"https:\/\/encuentroinformativo.com.mx\/index.php?rest_route=\/wp\/v2\/posts\/3130\/revisions\/3133"}],"wp:featuredmedia":[{"embeddable":true,"href":"https:\/\/encuentroinformativo.com.mx\/index.php?rest_route=\/wp\/v2\/media\/3131"}],"wp:attachment":[{"href":"https:\/\/encuentroinformativo.com.mx\/index.php?rest_route=%2Fwp%2Fv2%2Fmedia&parent=3130"}],"wp:term":[{"taxonomy":"category","embeddable":true,"href":"https:\/\/encuentroinformativo.com.mx\/index.php?rest_route=%2Fwp%2Fv2%2Fcategories&post=3130"},{"taxonomy":"post_tag","embeddable":true,"href":"https:\/\/encuentroinformativo.com.mx\/index.php?rest_route=%2Fwp%2Fv2%2Ftags&post=3130"}],"curies":[{"name":"wp","href":"https:\/\/api.w.org\/{rel}","templated":true}]}}