{"id":31305,"date":"2022-09-04T12:33:59","date_gmt":"2022-09-04T17:33:59","guid":{"rendered":"https:\/\/encuentroinformativo.com.mx\/?p=31305"},"modified":"2022-09-04T12:34:03","modified_gmt":"2022-09-04T17:34:03","slug":"los-olvidados-bajo-el-suelo","status":"publish","type":"post","link":"https:\/\/encuentroinformativo.com.mx\/?p=31305","title":{"rendered":"Los olvidados bajo el suelo"},"content":{"rendered":"\n<p><strong>Columna de Opini\u00f3n<\/strong><\/p>\n\n\n\n<p><strong>Zaira Rosas<\/strong><\/p>\n\n\n\n<p>M\u00e1s de un mes ha pasado desde que 10 mineros quedaran atrapados en&nbsp;un pozo de carb\u00f3n en Sabinas, Coahuila. Lo que comenz\u00f3 con un atisbo de esperanza, a\u00f1orando pudieran ser rescatados con vida hoy se ha desmoronado y los familiares ruegan que al menos se puedan recuperar los cuerpos.&nbsp;<\/p>\n\n\n\n<p>Los intentos de rescate donde se ha involucrado el gobierno mediante distintas dependencias, han sido infructuosos debido a las condiciones geol\u00f3gicas. A\u00fan no hay responsables que puedan dar la cara de este hecho, la persona reportada como propietaria podr\u00eda ser un prestanombres y por si esto no fuese suficiente, la historia de estos mineros s\u00f3lo ha hecho evidente una realidad que se conoce desde a\u00f1os atr\u00e1s y se ha querido ignorar.&nbsp;<\/p>\n\n\n\n<p>Las condiciones del trabajo minero en Coahuila est\u00e1n plagadas de irregularidades, los salarios no son justos para quienes eligen esta labor y los riesgos son mayores. As\u00ed se ha comprobado con un gran n\u00famero de muertes. Este no es el primer episodio en el que quedan atrapados trabajadores y no se les puede rescatar. En 2006 en el mismo estado se present\u00f3 una explosi\u00f3n en la mina 8 de la unidad Pasta de Conchos. 73 obreros estaban laborando en ese turno y 65 quedaron atrapados.&nbsp;<\/p>\n\n\n\n<p>De ese caso es la fecha en la que los familiares no pueden recuperar los cuerpos, sin embargo,actualmente el gobierno ha dicho que no pasar\u00e1 lo mismo en el pozo \u201cEl Pinabete\u201d, despu\u00e9s de m\u00e1s de un mes de trabajos de rescate y del asesoramiento de especialistas extranjeros, ya no se habla de recuperar a las personas, sino sus cuerpos. Los&nbsp;familiares han tenido que tomar decisiones complejas, aceptar pagos de apoyo propuestos por el gobierno y un cambio de estrategia que podr\u00eda demorar m\u00e1s meses.&nbsp;<\/p>\n\n\n\n<p>Al respecto uno de los mineros que tuvo oportunidad de salir de la cat\u00e1strofe hace menci\u00f3n de que sus compa\u00f1eros pudieron perder la vida desde el principio debido a una inundaci\u00f3n e invit\u00f3 a las autoridades a hacer un llamado para regular esta industria pues la regi\u00f3n es sumamente explotada por la obtenci\u00f3n de carb\u00f3n, los salarios son bajos comparando el riesgo y las autoridades en m\u00e1s de una ocasi\u00f3n son c\u00f3mplices de las irregularidades que permiten la explotaci\u00f3n desmedida del suelo.&nbsp;<\/p>\n\n\n\n<p>Tanto el caso de Pasta de Conchos como el del Pinabete dejan al descubierto una cadena de pobreza en un lado y en el otro la corrupci\u00f3n, actualmente se identific\u00f3 a una persona de nombre Cristian&nbsp;Sol\u00edscomo supuesto propietario, sin embargo,&nbsp;pobladores y familiares hablan de que el verdadero propietario es Rafael Garc\u00eda&nbsp;Luna quien adem\u00e1s a logrado m\u00faltiples contratos millonarios para vender carb\u00f3n a la Comisi\u00f3n Federal de Electricidad.<\/p>\n\n\n\n<p>La&nbsp;C\u00e1mara Minera Mexicana (CAMIMEX) dice que la mina de carb\u00f3n de Sabinas no est\u00e1 agremiada con ellos, pues de manera constante buscan la mejora de condiciones para los trabajadores, pero es dif\u00edcil lograrlo en la peque\u00f1a miner\u00eda que carece de regulaci\u00f3n. Otro punto de corrupci\u00f3n es el cambio de suelo que tuvo la mina en 2019, que previamente hab\u00eda sido declarada como zona de riesgo y a\u00fan as\u00ed se logr\u00f3 el cambio a uso de suelo como industria extractiva. &nbsp;<\/p>\n\n\n\n<p>Al final es poco probable que los mineros atrapados a\u00fan est\u00e9n con vida, se proceder\u00e1 a intentar recuperar sus cuerpos, pero esta historia no ha de ser una m\u00e1s que quede en el olvido, deber\u00eda ser un llamado de alerta para revisar todos los pozos de la regi\u00f3n, analizar la explotaci\u00f3n del suelo que se hace de forma irregular e incluso supervisar desde el mismo gobierno qu\u00e9 tanto favorecen las pr\u00e1cticas irregulares mediante contratos con empresarios que no est\u00e1n otorgando las medidas de seguridad necesarias.&nbsp;<\/p>\n\n\n\n<p>Como sociedad tambi\u00e9n tenemos tarea pendiente, revisemos si nuestro consumo abona a trabajos justos o favorece explotaci\u00f3n irregular en esta y otras industrias.<\/p>\n","protected":false},"excerpt":{"rendered":"<p>Columna de Opini\u00f3n Zaira Rosas M\u00e1s de un mes ha pasado desde que 10 mineros quedaran atrapados en&nbsp;un pozo de carb\u00f3n en Sabinas, Coahuila. Lo que comenz\u00f3 con un atisbo de esperanza, a\u00f1orando pudieran ser rescatados con vida hoy se ha desmoronado y los familiares ruegan que al menos se puedan recuperar los cuerpos.&nbsp; Los [&hellip;]<\/p>\n","protected":false},"author":1,"featured_media":387,"comment_status":"open","ping_status":"open","sticky":false,"template":"","format":"standard","meta":{"_jetpack_memberships_contains_paid_content":false,"footnotes":""},"categories":[11],"tags":[],"class_list":["post-31305","post","type-post","status-publish","format-standard","has-post-thumbnail","hentry","category-opinion"],"jetpack_featured_media_url":"https:\/\/encuentroinformativo.com.mx\/wp-content\/uploads\/2020\/03\/7CF8A22B-2764-47BE-8F7F-38FE9E5D6A2F.jpeg","jetpack_sharing_enabled":true,"jetpack_likes_enabled":true,"amp_enabled":true,"_links":{"self":[{"href":"https:\/\/encuentroinformativo.com.mx\/index.php?rest_route=\/wp\/v2\/posts\/31305","targetHints":{"allow":["GET"]}}],"collection":[{"href":"https:\/\/encuentroinformativo.com.mx\/index.php?rest_route=\/wp\/v2\/posts"}],"about":[{"href":"https:\/\/encuentroinformativo.com.mx\/index.php?rest_route=\/wp\/v2\/types\/post"}],"author":[{"embeddable":true,"href":"https:\/\/encuentroinformativo.com.mx\/index.php?rest_route=\/wp\/v2\/users\/1"}],"replies":[{"embeddable":true,"href":"https:\/\/encuentroinformativo.com.mx\/index.php?rest_route=%2Fwp%2Fv2%2Fcomments&post=31305"}],"version-history":[{"count":1,"href":"https:\/\/encuentroinformativo.com.mx\/index.php?rest_route=\/wp\/v2\/posts\/31305\/revisions"}],"predecessor-version":[{"id":31306,"href":"https:\/\/encuentroinformativo.com.mx\/index.php?rest_route=\/wp\/v2\/posts\/31305\/revisions\/31306"}],"wp:featuredmedia":[{"embeddable":true,"href":"https:\/\/encuentroinformativo.com.mx\/index.php?rest_route=\/wp\/v2\/media\/387"}],"wp:attachment":[{"href":"https:\/\/encuentroinformativo.com.mx\/index.php?rest_route=%2Fwp%2Fv2%2Fmedia&parent=31305"}],"wp:term":[{"taxonomy":"category","embeddable":true,"href":"https:\/\/encuentroinformativo.com.mx\/index.php?rest_route=%2Fwp%2Fv2%2Fcategories&post=31305"},{"taxonomy":"post_tag","embeddable":true,"href":"https:\/\/encuentroinformativo.com.mx\/index.php?rest_route=%2Fwp%2Fv2%2Ftags&post=31305"}],"curies":[{"name":"wp","href":"https:\/\/api.w.org\/{rel}","templated":true}]}}