{"id":31314,"date":"2022-09-04T13:03:08","date_gmt":"2022-09-04T18:03:08","guid":{"rendered":"https:\/\/encuentroinformativo.com.mx\/?p=31314"},"modified":"2022-09-04T13:03:11","modified_gmt":"2022-09-04T18:03:11","slug":"asume-marisol-delgadillo-presidencia-del-ople","status":"publish","type":"post","link":"https:\/\/encuentroinformativo.com.mx\/?p=31314","title":{"rendered":"Asume Marisol Delgadillo presidencia del OPLE"},"content":{"rendered":"\n<p><strong>Juan Arcos <\/strong><\/p>\n\n\n\n<p>Xalapa, Ver.- La doctora Marisol Alicia Delgadillo Morales rindi\u00f3 protesta como consejera presidenta del Organismo P\u00fablico Local Electoral (OPLE) para el periodo 2022-2029.<\/p>\n\n\n\n<p>En sesi\u00f3n solemne, realizada este domingo 4 de septiembre, sucedi\u00f3 a Alejandro Bonilla Bonilla, quien desempe\u00f1\u00f3 el mismo cargo durante los \u00faltimos siete a\u00f1os.<\/p>\n\n\n\n<p>En su discurso se\u00f1al\u00f3 que trabajar\u00e1 para fortalecer el di\u00e1logo entre el \u00e1mbito electoral y todas las fuerzas pol\u00edticas, un di\u00e1logo de respeto que debe garantizarse entre los actores pol\u00edticos y sobre todo con base en los principios rectores de independencia e imparcialidad.<\/p>\n\n\n\n<p>\u201cHoy me incorporo a este \u00f3rgano colegiado con el firme e irrestricto compromiso de trabajar por la consolidaci\u00f3n de un estado constitucional y democr\u00e1tico, velando en todo momento por los principios que rigen la funci\u00f3n electoral de certeza, imparcialidad, independencia, legalidad, m\u00e1xima publicidad y objetividad\u201d, expres\u00f3.<\/p>\n\n\n\n<p>Asimismo, convoc\u00f3 a seguir trabajando desde el Consejo General para garantizar la transparencia proactiva y que este organismo se caracterice por aplicar un sistema de datos abiertos como forma de rendici\u00f3n de cuentas, un v\u00ednculo necesario con la ciudadan\u00eda veracruzana.<\/p>\n\n\n\n<p>\u201cQue asuma el compromiso de reforzar la cultura en comunicaci\u00f3n organizacional, as\u00ed como promover pr\u00e1cticas de igualdad e inclusi\u00f3n laboral, generando as\u00ed espacios libres de violencia y discriminaci\u00f3n\u201d, a\u00f1adi\u00f3.<\/p>\n\n\n\n<p>Delgadillo Morales indic\u00f3 que, en materia de g\u00e9nero y paridad, su compromiso es generar sinergias institucionales que permitan la creaci\u00f3n de acciones para que todas y todos tengan las oportunidades de incidir en las decisiones que les afecten.<\/p>\n\n\n\n<p>\u201cEstoy convencida de que la incidencia de las mujeres en la vida p\u00fablica es un gran avance para la democracia. Nuestro reto es realizar los esfuerzos necesarios para garantizar la paridad de g\u00e9nero y contribuir a la prevenci\u00f3n y sanci\u00f3n de manera contundente y sin titubeos, de la violencia pol\u00edtica en raz\u00f3n de g\u00e9nero\u201d, enfatiz\u00f3.<\/p>\n\n\n\n<p>En el auditorio del OPLE, estuvieron presentes quienes integran el Consejo General y los representantes de los diferentes partidos pol\u00edticos.<\/p>\n\n\n\n<p>Al evento acudieron el secretario de Gobierno, Eric Cisneros Burgos; el titular de la Secretar\u00eda de Finanzas y Planeaci\u00f3n (Sefiplan), Jos\u00e9 Luis Lima Franco; y otros funcionarios estatales.<\/p>\n\n\n\n<figure class=\"wp-block-image size-large\"><img loading=\"lazy\" decoding=\"async\" width=\"1024\" height=\"768\" src=\"https:\/\/encuentroinformativo.com.mx\/wp-content\/uploads\/2022\/09\/03E4C18A-60BF-4B50-8137-8E582FFF474A-1024x768.jpeg\" alt=\"\" class=\"wp-image-31316\" srcset=\"https:\/\/encuentroinformativo.com.mx\/wp-content\/uploads\/2022\/09\/03E4C18A-60BF-4B50-8137-8E582FFF474A-1024x768.jpeg 1024w, https:\/\/encuentroinformativo.com.mx\/wp-content\/uploads\/2022\/09\/03E4C18A-60BF-4B50-8137-8E582FFF474A-300x225.jpeg 300w, https:\/\/encuentroinformativo.com.mx\/wp-content\/uploads\/2022\/09\/03E4C18A-60BF-4B50-8137-8E582FFF474A-768x576.jpeg 768w, https:\/\/encuentroinformativo.com.mx\/wp-content\/uploads\/2022\/09\/03E4C18A-60BF-4B50-8137-8E582FFF474A-1536x1152.jpeg 1536w, https:\/\/encuentroinformativo.com.mx\/wp-content\/uploads\/2022\/09\/03E4C18A-60BF-4B50-8137-8E582FFF474A.jpeg 1880w\" sizes=\"auto, (max-width: 1024px) 100vw, 1024px\" \/><\/figure>\n","protected":false},"excerpt":{"rendered":"<p>Juan Arcos Xalapa, Ver.- La doctora Marisol Alicia Delgadillo Morales rindi\u00f3 protesta como consejera presidenta del Organismo P\u00fablico Local Electoral (OPLE) para el periodo 2022-2029. En sesi\u00f3n solemne, realizada este domingo 4 de septiembre, sucedi\u00f3 a Alejandro Bonilla Bonilla, quien desempe\u00f1\u00f3 el mismo cargo durante los \u00faltimos siete a\u00f1os. En su discurso se\u00f1al\u00f3 que trabajar\u00e1 [&hellip;]<\/p>\n","protected":false},"author":1,"featured_media":31315,"comment_status":"open","ping_status":"open","sticky":false,"template":"","format":"standard","meta":{"_jetpack_memberships_contains_paid_content":false,"footnotes":""},"categories":[2],"tags":[],"class_list":["post-31314","post","type-post","status-publish","format-standard","has-post-thumbnail","hentry","category-estado"],"jetpack_featured_media_url":"https:\/\/encuentroinformativo.com.mx\/wp-content\/uploads\/2022\/09\/39039FCE-14C3-476E-A701-1B9E0F36856B.jpeg","jetpack_sharing_enabled":true,"jetpack_likes_enabled":true,"amp_enabled":true,"_links":{"self":[{"href":"https:\/\/encuentroinformativo.com.mx\/index.php?rest_route=\/wp\/v2\/posts\/31314","targetHints":{"allow":["GET"]}}],"collection":[{"href":"https:\/\/encuentroinformativo.com.mx\/index.php?rest_route=\/wp\/v2\/posts"}],"about":[{"href":"https:\/\/encuentroinformativo.com.mx\/index.php?rest_route=\/wp\/v2\/types\/post"}],"author":[{"embeddable":true,"href":"https:\/\/encuentroinformativo.com.mx\/index.php?rest_route=\/wp\/v2\/users\/1"}],"replies":[{"embeddable":true,"href":"https:\/\/encuentroinformativo.com.mx\/index.php?rest_route=%2Fwp%2Fv2%2Fcomments&post=31314"}],"version-history":[{"count":1,"href":"https:\/\/encuentroinformativo.com.mx\/index.php?rest_route=\/wp\/v2\/posts\/31314\/revisions"}],"predecessor-version":[{"id":31317,"href":"https:\/\/encuentroinformativo.com.mx\/index.php?rest_route=\/wp\/v2\/posts\/31314\/revisions\/31317"}],"wp:featuredmedia":[{"embeddable":true,"href":"https:\/\/encuentroinformativo.com.mx\/index.php?rest_route=\/wp\/v2\/media\/31315"}],"wp:attachment":[{"href":"https:\/\/encuentroinformativo.com.mx\/index.php?rest_route=%2Fwp%2Fv2%2Fmedia&parent=31314"}],"wp:term":[{"taxonomy":"category","embeddable":true,"href":"https:\/\/encuentroinformativo.com.mx\/index.php?rest_route=%2Fwp%2Fv2%2Fcategories&post=31314"},{"taxonomy":"post_tag","embeddable":true,"href":"https:\/\/encuentroinformativo.com.mx\/index.php?rest_route=%2Fwp%2Fv2%2Ftags&post=31314"}],"curies":[{"name":"wp","href":"https:\/\/api.w.org\/{rel}","templated":true}]}}