{"id":31326,"date":"2022-09-05T10:53:20","date_gmt":"2022-09-05T15:53:20","guid":{"rendered":"https:\/\/encuentroinformativo.com.mx\/?p=31326"},"modified":"2022-09-05T10:53:26","modified_gmt":"2022-09-05T15:53:26","slug":"uv-tomara-posesion-del-ex-penal-de-allende-en-veracruz-puerto","status":"publish","type":"post","link":"https:\/\/encuentroinformativo.com.mx\/?p=31326","title":{"rendered":"UV tomara posesi\u00f3n del ex penal de Allende en Veracruz puerto"},"content":{"rendered":"\n<p><strong>Alejandro \u00c1vila<\/strong><\/p>\n\n\n\n<p>Veracruz, Ver.- El Ayuntamiento de Veracruz donar\u00e1 el ex penal de Allende a la Universidad Veracruzana, para que en esta se construya una Unidad de Arte, confirm\u00f3 el s\u00edndico, Manuel Rivera Polanco.<\/p>\n\n\n\n<p>Est\u00e1 autorizaci\u00f3n tendr\u00e1 que ser avalada por el Cabildo porte\u00f1o; sin embargo, el edil panista mencion\u00f3 que, al ser un proyecto de gran val\u00eda para la comunidad estudiantil de Veracruz, no considera exista un problema por parte de los regidores de la comuna jarocha.<\/p>\n\n\n\n<p>Cade mencionar qu\u00e9, este recinto fue clausurado en el 2010 y sus reos fueron enviados a otros penales del Estado de Veracruz, en un inicio hab\u00eda sido donado al Instituto Nacional de Antropolog\u00eda e Historia (INAH) de Veracruz, pero tras no concretarse ning\u00fan proyecto, en 2015 volvi\u00f3 a pasar a manos del Ayuntamiento de Veracruz, quien pr\u00f3ximamente lo donar\u00e1 a la m\u00e1xima casa de estudios.<\/p>\n\n\n\n<p>En este espacio se pretende crear una Facultad de Artes, Talleres Libres de Arte, el Centro de Iniciaci\u00f3n Musical Infantil (CIMI), la Licenciatura en Fotograf\u00eda, Licenciatura de Ense\u00f1anza, y posteriormente, los T\u00e9cnicos Superiores Universitarios (TSU).<\/p>\n\n\n\n<p>&#8220;Para los otros como Ayuntamiento es muy importante el proyecto, porque es la manera de recuperar el espacio, de conservarlo, adem\u00e1s de mejorar la calidad de vida de sus alrededores, de sus habitantes, esto va a permitir enriquecer y reactivar la econom\u00eda de los alrededores de lugar, y enriquecer la vida cultural de la poblaci\u00f3n, es un rescate important\u00edsimo por parte de la alcaldesa de Veracruz, y se da cumplimiento al rescate de los edificios hist\u00f3ricos&#8221;, agreg\u00f3.<\/p>\n\n\n\n<p>En un inicio, el monto estimado de inversi\u00f3n es de 30 millones de pesos, los cuales saldr\u00e1n del presupuesto de la Universidad Veracruzana (UV), la m\u00e1xima casa de estudios ser\u00e1 qui\u00e9n tramita los permisos con el INAH, mientras que el Ayuntamiento de Veracruz dar\u00e1 las facilidades para el tr\u00e1mite legal de la donaci\u00f3n.<\/p>\n","protected":false},"excerpt":{"rendered":"<p>Alejandro \u00c1vila Veracruz, Ver.- El Ayuntamiento de Veracruz donar\u00e1 el ex penal de Allende a la Universidad Veracruzana, para que en esta se construya una Unidad de Arte, confirm\u00f3 el s\u00edndico, Manuel Rivera Polanco. Est\u00e1 autorizaci\u00f3n tendr\u00e1 que ser avalada por el Cabildo porte\u00f1o; sin embargo, el edil panista mencion\u00f3 que, al ser un proyecto [&hellip;]<\/p>\n","protected":false},"author":1,"featured_media":31327,"comment_status":"open","ping_status":"open","sticky":false,"template":"","format":"standard","meta":{"_jetpack_memberships_contains_paid_content":false,"footnotes":""},"categories":[2],"tags":[],"class_list":["post-31326","post","type-post","status-publish","format-standard","has-post-thumbnail","hentry","category-estado"],"jetpack_featured_media_url":"https:\/\/encuentroinformativo.com.mx\/wp-content\/uploads\/2022\/09\/C52205EC-786E-40C6-A507-F484D9099414.jpeg","jetpack_sharing_enabled":true,"jetpack_likes_enabled":true,"amp_enabled":true,"_links":{"self":[{"href":"https:\/\/encuentroinformativo.com.mx\/index.php?rest_route=\/wp\/v2\/posts\/31326","targetHints":{"allow":["GET"]}}],"collection":[{"href":"https:\/\/encuentroinformativo.com.mx\/index.php?rest_route=\/wp\/v2\/posts"}],"about":[{"href":"https:\/\/encuentroinformativo.com.mx\/index.php?rest_route=\/wp\/v2\/types\/post"}],"author":[{"embeddable":true,"href":"https:\/\/encuentroinformativo.com.mx\/index.php?rest_route=\/wp\/v2\/users\/1"}],"replies":[{"embeddable":true,"href":"https:\/\/encuentroinformativo.com.mx\/index.php?rest_route=%2Fwp%2Fv2%2Fcomments&post=31326"}],"version-history":[{"count":1,"href":"https:\/\/encuentroinformativo.com.mx\/index.php?rest_route=\/wp\/v2\/posts\/31326\/revisions"}],"predecessor-version":[{"id":31328,"href":"https:\/\/encuentroinformativo.com.mx\/index.php?rest_route=\/wp\/v2\/posts\/31326\/revisions\/31328"}],"wp:featuredmedia":[{"embeddable":true,"href":"https:\/\/encuentroinformativo.com.mx\/index.php?rest_route=\/wp\/v2\/media\/31327"}],"wp:attachment":[{"href":"https:\/\/encuentroinformativo.com.mx\/index.php?rest_route=%2Fwp%2Fv2%2Fmedia&parent=31326"}],"wp:term":[{"taxonomy":"category","embeddable":true,"href":"https:\/\/encuentroinformativo.com.mx\/index.php?rest_route=%2Fwp%2Fv2%2Fcategories&post=31326"},{"taxonomy":"post_tag","embeddable":true,"href":"https:\/\/encuentroinformativo.com.mx\/index.php?rest_route=%2Fwp%2Fv2%2Ftags&post=31326"}],"curies":[{"name":"wp","href":"https:\/\/api.w.org\/{rel}","templated":true}]}}