{"id":3134,"date":"2020-06-05T19:50:29","date_gmt":"2020-06-06T00:50:29","guid":{"rendered":"https:\/\/encuentroinformativo.com\/?p=3134"},"modified":"2020-06-05T19:50:31","modified_gmt":"2020-06-06T00:50:31","slug":"saquean-oficinas-del-pt-en-el-puerto","status":"publish","type":"post","link":"https:\/\/encuentroinformativo.com.mx\/?p=3134","title":{"rendered":"Saquean oficinas del PT en el puerto"},"content":{"rendered":"\n<p><strong>Juan Arcos <\/strong><\/p>\n\n\n\n<p>Xalapa, Ver.- Las oficinas del Partido del Trabajo (PT) en el puerto de Veracruz fueron saqueadas el pasado mi\u00e9rcoles 3 de junio.<\/p>\n\n\n\n<p>Se trata de las instalaciones que se encuentran sobre la calle&nbsp;<a href=\"https:\/\/www.google.com\/maps\/search\/Hip%C3%B3lito+Deschamps,+n%C3%BAmero+15?entry=gmail&amp;source=g\">Hip\u00f3lito Deschamps, n\u00famero 15<\/a>&nbsp;del Fraccionamiento Moderno.<\/p>\n\n\n\n<p>El comisionado pol\u00edtico nacional del PT en Veracruz, Ram\u00f3n D\u00edaz \u00c1vila, indic\u00f3 que sujetos no identificados forzaron cerraduras y puertas para sustraer equipo de c\u00f3mputo y documentaci\u00f3n.<\/p>\n\n\n\n<p>Ese mismo d\u00eda, los responsables de la oficina acudieron a presentar la denuncia ante las autoridades correspondientes por los delitos de allanamiento de oficinas, da\u00f1os, robo y lo que resulte, en perjuicio del instituto pol\u00edtico.<\/p>\n\n\n\n<p>Sin embargo, el personal de la delegaci\u00f3n de la Fiscal\u00eda General del Estado (FGE) archiv\u00f3 la denuncia, bajo el argumento de que no era importante.<\/p>\n\n\n\n<p>\u201cLamentablemente personal de la delegaci\u00f3n de la fiscal\u00eda que se ubica en la zona norte del puerto de Veracruz les dijo que la denuncia iba a ser archivada hasta nuevo aviso, pues por la contingencia del Covid-19 solo le est\u00e1n dando prioridad a robo de veh\u00edculos\u201d.<\/p>\n\n\n\n<p>Por tal motivo, D\u00edaz \u00c1vila exigi\u00f3 a las autoridades que se investiguen los hechos.<\/p>\n\n\n\n<p>\u201cPues un robo a veh\u00edculos no puede tener m\u00e1s prioridad que un robo de oficinas y locales comerciales ya que en estos momentos, por la contingencia, es donde m\u00e1s denuncias hay ya que por falta de personal los ladrones tienen m\u00e1s facilidades de entrar\u201d, culmin\u00f3.<\/p>\n\n\n\n<p><\/p>\n","protected":false},"excerpt":{"rendered":"<p>Juan Arcos Xalapa, Ver.- Las oficinas del Partido del Trabajo (PT) en el puerto de Veracruz fueron saqueadas el pasado mi\u00e9rcoles 3 de junio. Se trata de las instalaciones que se encuentran sobre la calle&nbsp;Hip\u00f3lito Deschamps, n\u00famero 15&nbsp;del Fraccionamiento Moderno. El comisionado pol\u00edtico nacional del PT en Veracruz, Ram\u00f3n D\u00edaz \u00c1vila, indic\u00f3 que sujetos no [&hellip;]<\/p>\n","protected":false},"author":1,"featured_media":3135,"comment_status":"open","ping_status":"open","sticky":false,"template":"","format":"standard","meta":{"_jetpack_memberships_contains_paid_content":false,"footnotes":""},"categories":[2],"tags":[],"class_list":["post-3134","post","type-post","status-publish","format-standard","has-post-thumbnail","hentry","category-estado"],"jetpack_featured_media_url":"https:\/\/encuentroinformativo.com.mx\/wp-content\/uploads\/2020\/06\/141164B7-161F-401A-BBF3-E9CE59D728AD.jpeg","jetpack_sharing_enabled":true,"jetpack_likes_enabled":true,"amp_enabled":true,"_links":{"self":[{"href":"https:\/\/encuentroinformativo.com.mx\/index.php?rest_route=\/wp\/v2\/posts\/3134","targetHints":{"allow":["GET"]}}],"collection":[{"href":"https:\/\/encuentroinformativo.com.mx\/index.php?rest_route=\/wp\/v2\/posts"}],"about":[{"href":"https:\/\/encuentroinformativo.com.mx\/index.php?rest_route=\/wp\/v2\/types\/post"}],"author":[{"embeddable":true,"href":"https:\/\/encuentroinformativo.com.mx\/index.php?rest_route=\/wp\/v2\/users\/1"}],"replies":[{"embeddable":true,"href":"https:\/\/encuentroinformativo.com.mx\/index.php?rest_route=%2Fwp%2Fv2%2Fcomments&post=3134"}],"version-history":[{"count":1,"href":"https:\/\/encuentroinformativo.com.mx\/index.php?rest_route=\/wp\/v2\/posts\/3134\/revisions"}],"predecessor-version":[{"id":3136,"href":"https:\/\/encuentroinformativo.com.mx\/index.php?rest_route=\/wp\/v2\/posts\/3134\/revisions\/3136"}],"wp:featuredmedia":[{"embeddable":true,"href":"https:\/\/encuentroinformativo.com.mx\/index.php?rest_route=\/wp\/v2\/media\/3135"}],"wp:attachment":[{"href":"https:\/\/encuentroinformativo.com.mx\/index.php?rest_route=%2Fwp%2Fv2%2Fmedia&parent=3134"}],"wp:term":[{"taxonomy":"category","embeddable":true,"href":"https:\/\/encuentroinformativo.com.mx\/index.php?rest_route=%2Fwp%2Fv2%2Fcategories&post=3134"},{"taxonomy":"post_tag","embeddable":true,"href":"https:\/\/encuentroinformativo.com.mx\/index.php?rest_route=%2Fwp%2Fv2%2Ftags&post=3134"}],"curies":[{"name":"wp","href":"https:\/\/api.w.org\/{rel}","templated":true}]}}