{"id":31342,"date":"2022-09-05T12:32:07","date_gmt":"2022-09-05T17:32:07","guid":{"rendered":"https:\/\/encuentroinformativo.com.mx\/?p=31342"},"modified":"2022-09-05T12:32:11","modified_gmt":"2022-09-05T17:32:11","slug":"detenida-en-congreso-de-veracruz-iniciativa-de-instituto-de-migracion","status":"publish","type":"post","link":"https:\/\/encuentroinformativo.com.mx\/?p=31342","title":{"rendered":"Detenida en Congreso de Veracruz iniciativa de Instituto de Migraci\u00f3n"},"content":{"rendered":"\n<p><strong>Alejandro \u00c1vila<\/strong><\/p>\n\n\n\n<p>Boca del R\u00edo, Ver.- La iniciativa para la creaci\u00f3n del Instituto de Migraci\u00f3n contin\u00faa detenida en el Congreso de Veracruz, mencion\u00f3 el diputado local, Jaime de la Garza Mart\u00ednez.<\/p>\n\n\n\n<p>El legislador panista mencion\u00f3 que, a pesar de la insistencia, el grupo mayoritario en el Congreso de Veracruz contin\u00faa deteniendo la iniciativa bajo el argumento de que no hay presupuesto.<\/p>\n\n\n\n<p>&#8220;Entonces, ahorita lo que estamos haciendo tambi\u00e9n a la par, es lo que les hab\u00eda mencionado, qu\u00e9 es la creaci\u00f3n del Instituto Veracruzano para Personas con Discapacidad, qu\u00e9 es lo que estamos impulsando. En el tema de migrantes, a final de cuentas es un tema federal, m\u00e1s que estatal, aunque pasa porel Estado, y el Gobierno del Estado es el que tiene que salvaguardar la seguridad de los migrantes que van cruzando y, la ciudadan\u00eda obviamente. C\u00f3mo Instituto como tal, una defensor\u00eda directamente para el migrante, no la hay&#8221;, puntualiz\u00f3.<\/p>\n\n\n\n<p>Jaime de la Garza dijo que como integrante de la comisi\u00f3n de Poblaci\u00f3n y Atenci\u00f3n a Migrantes ha solicitado en diversas ocasiones una reuni\u00f3n con la direcci\u00f3n de Atenci\u00f3n a Migrantes del Gobierno de Veracruz, misma que hasta el momento no han logrado concretar.<\/p>\n\n\n\n<p>&#8220;En muchas ocasiones los maltratan, en muchas ocasiones ni siquiera llegan a su destino, pasan por un estado qu\u00e9 es muy peligroso, qu\u00e9 es el Estado de Veracruz, pero no m\u00e1s para los migrantes, al final de cuentas est\u00e1 en estado muy peligroso para todos, apenas ayer estaba platicando con un reportero que asaltaron en Ant\u00f3n Lizardo a las 7 de la noche, entonces Imag\u00ednate c\u00f3mo est\u00e1 este Estado de Veracruz, qu\u00e9 los migrantes no logran cruzar el estado, pero tampoco los ciudadanos, es un estado donde no hay seguridad lamentablemente&#8221;, remat\u00f3.<\/p>\n","protected":false},"excerpt":{"rendered":"<p>Alejandro \u00c1vila Boca del R\u00edo, Ver.- La iniciativa para la creaci\u00f3n del Instituto de Migraci\u00f3n contin\u00faa detenida en el Congreso de Veracruz, mencion\u00f3 el diputado local, Jaime de la Garza Mart\u00ednez. El legislador panista mencion\u00f3 que, a pesar de la insistencia, el grupo mayoritario en el Congreso de Veracruz contin\u00faa deteniendo la iniciativa bajo el [&hellip;]<\/p>\n","protected":false},"author":1,"featured_media":31343,"comment_status":"open","ping_status":"open","sticky":false,"template":"","format":"standard","meta":{"_jetpack_memberships_contains_paid_content":false,"footnotes":""},"categories":[2],"tags":[],"class_list":["post-31342","post","type-post","status-publish","format-standard","has-post-thumbnail","hentry","category-estado"],"jetpack_featured_media_url":"https:\/\/encuentroinformativo.com.mx\/wp-content\/uploads\/2022\/09\/574E959E-EA4D-4BBC-AF65-6003921387D9.jpeg","jetpack_sharing_enabled":true,"jetpack_likes_enabled":true,"amp_enabled":true,"_links":{"self":[{"href":"https:\/\/encuentroinformativo.com.mx\/index.php?rest_route=\/wp\/v2\/posts\/31342","targetHints":{"allow":["GET"]}}],"collection":[{"href":"https:\/\/encuentroinformativo.com.mx\/index.php?rest_route=\/wp\/v2\/posts"}],"about":[{"href":"https:\/\/encuentroinformativo.com.mx\/index.php?rest_route=\/wp\/v2\/types\/post"}],"author":[{"embeddable":true,"href":"https:\/\/encuentroinformativo.com.mx\/index.php?rest_route=\/wp\/v2\/users\/1"}],"replies":[{"embeddable":true,"href":"https:\/\/encuentroinformativo.com.mx\/index.php?rest_route=%2Fwp%2Fv2%2Fcomments&post=31342"}],"version-history":[{"count":1,"href":"https:\/\/encuentroinformativo.com.mx\/index.php?rest_route=\/wp\/v2\/posts\/31342\/revisions"}],"predecessor-version":[{"id":31344,"href":"https:\/\/encuentroinformativo.com.mx\/index.php?rest_route=\/wp\/v2\/posts\/31342\/revisions\/31344"}],"wp:featuredmedia":[{"embeddable":true,"href":"https:\/\/encuentroinformativo.com.mx\/index.php?rest_route=\/wp\/v2\/media\/31343"}],"wp:attachment":[{"href":"https:\/\/encuentroinformativo.com.mx\/index.php?rest_route=%2Fwp%2Fv2%2Fmedia&parent=31342"}],"wp:term":[{"taxonomy":"category","embeddable":true,"href":"https:\/\/encuentroinformativo.com.mx\/index.php?rest_route=%2Fwp%2Fv2%2Fcategories&post=31342"},{"taxonomy":"post_tag","embeddable":true,"href":"https:\/\/encuentroinformativo.com.mx\/index.php?rest_route=%2Fwp%2Fv2%2Ftags&post=31342"}],"curies":[{"name":"wp","href":"https:\/\/api.w.org\/{rel}","templated":true}]}}