{"id":31351,"date":"2022-09-05T20:40:07","date_gmt":"2022-09-06T01:40:07","guid":{"rendered":"https:\/\/encuentroinformativo.com.mx\/?p=31351"},"modified":"2022-09-05T20:40:12","modified_gmt":"2022-09-06T01:40:12","slug":"pone-en-marcha-alcalde-jm-unanue-la-repavimentacion-en-avenida-juan-pablo-ii","status":"publish","type":"post","link":"https:\/\/encuentroinformativo.com.mx\/?p=31351","title":{"rendered":"Pone en marcha Alcalde JM Un\u00e1nue la repavimentaci\u00f3n en avenida Juan Pablo II"},"content":{"rendered":"\n<p><strong>*<em>Todas las avenidas y bulevares principales de Boca del R\u00edo contar\u00e1n con material que garantiza una vida \u00fatil de m\u00e1s de 20 a\u00f1os<\/em>.<\/strong><\/p>\n\n\n\n<p>Boca del R\u00edo, Ver.- \u201cBoca del R\u00edo, es una de las ciudades m\u00e1s modernas y productivas del sureste mexicano\u201d, por ello la importancia de continuar realizando obras, tal es el caso del proyecto de rehabilitaci\u00f3n en concreto hidr\u00e1ulico de la Avenida Juan Pablo II en el tramo que va del Bulevar Manuel \u00c1vila Camacho al Bulevar Adolfo Ruiz Cortines.<\/p>\n\n\n\n<p>\u201cIniciamos desde el primero de enero realizando un gran esfuerzo, en primer lugar, atendiendo necesidades muy importantes en materia de mantenimiento urbano; hace un par de meses empezamos con obra p\u00fablica, atendiendo parques, unidades deportivas, calles avenidas, adem\u00e1s de un programa integral de bacheo\u201d.<\/p>\n\n\n\n<p>En la rehabilitaci\u00f3n de dicha avenida, se invertir\u00e1n 19 millones 137 mil 508.74 pesos, beneficiando a m\u00e1s de mil personas que viven en esta zona y a los cerca de 70 mil conductores que mensualmente transitan por la calzada.<\/p>\n\n\n\n<p>Acompa\u00f1ado por la Presidenta del DIF Municipal, Melina Rivera de Un\u00e1nue, fij\u00f3 como meta, que antes del 3 de diciembre de este a\u00f1o, ciudadanos y visitantes, puedan disfrutar en plenitud de esta primera parte de la importante y transitada calzada.<\/p>\n\n\n\n<p>\u201cLa idea fundamental de mi gobierno, aparte de hacer un esfuerzo, este a\u00f1o y todos los a\u00f1os de mi administraci\u00f3n, es precisamente ir migrando del asfalto al concreto hidr\u00e1ulico\u201d, resalt\u00f3 el edil.<\/p>\n\n\n\n<p>Cabe destacar, que se pavimentar\u00e1n con concreto hidr\u00e1ulico m\u00e1s de 13,000 metros cuadrados, con un espesor de 15 cent\u00edmetros. Se realizar\u00e1n 2 mil 510 metros lineales de se\u00f1alamiento vial horizontal, con pintura termopl\u00e1stica en flechas y pasos peatonales; y la colocaci\u00f3n de 419 vialetas sobre el pavimento.<\/p>\n\n\n\n<p>Un\u00e1nue Abascal, record\u00f3 que estas adecuaciones tambi\u00e9n se llevan a cabo en las tres principales avenidas que son Ej\u00e9rcito Mexicano, Ruiz Cortines y Miguel Alem\u00e1n.<\/p>\n\n\n\n<p>Agreg\u00f3 que se colocar\u00e1n 23 piezas de registro para alumbrado p\u00fablico, que se mejorar\u00e1 la jardiner\u00eda en camell\u00f3n y banquetas y se colocar\u00e1n 1,500 metros cuadrados de pasto y se van a sembrar 59 palmeras reales.<\/p>\n\n\n\n<p>El Ejecutivo apunt\u00f3, que la importancia de dicha avenida la convierte en unas de las obras m\u00e1s esperadas e importantes, por lo que la idea inicial es que se vaya por etapas en el proyecto, \u201ceste a\u00f1o es de aqu\u00ed del bulevar \u00c1vila Camacho a Ruiz Cortines, el segundo a\u00f1o haremos de Ruiz Cortines a Reyes Heroles, para el tercer a\u00f1o se tiene pensado hacer de Reyes Heroles a Espa\u00f1a y el cuarto a\u00f1o har\u00edamos de Espa\u00f1a hasta D\u00edaz Mir\u00f3n\u201d.<\/p>\n\n\n\n<p>Por \u00faltimo, el Presidente Municipal de Boca del R\u00edo, Juan Manuel Un\u00e1nue Abascal, agreg\u00f3 que para antes del 10 de diciembre est\u00e9n concluidas todas las obras correspondientes a este a\u00f1o.<\/p>\n","protected":false},"excerpt":{"rendered":"<p>*Todas las avenidas y bulevares principales de Boca del R\u00edo contar\u00e1n con material que garantiza una vida \u00fatil de m\u00e1s de 20 a\u00f1os. Boca del R\u00edo, Ver.- \u201cBoca del R\u00edo, es una de las ciudades m\u00e1s modernas y productivas del sureste mexicano\u201d, por ello la importancia de continuar realizando obras, tal es el caso del [&hellip;]<\/p>\n","protected":false},"author":1,"featured_media":31352,"comment_status":"open","ping_status":"open","sticky":false,"template":"","format":"standard","meta":{"_jetpack_memberships_contains_paid_content":false,"footnotes":""},"categories":[2],"tags":[],"class_list":["post-31351","post","type-post","status-publish","format-standard","has-post-thumbnail","hentry","category-estado"],"jetpack_featured_media_url":"https:\/\/encuentroinformativo.com.mx\/wp-content\/uploads\/2022\/09\/354872E1-37D1-4EFB-AC40-1AA41F4ABF82.jpeg","jetpack_sharing_enabled":true,"jetpack_likes_enabled":true,"amp_enabled":true,"_links":{"self":[{"href":"https:\/\/encuentroinformativo.com.mx\/index.php?rest_route=\/wp\/v2\/posts\/31351","targetHints":{"allow":["GET"]}}],"collection":[{"href":"https:\/\/encuentroinformativo.com.mx\/index.php?rest_route=\/wp\/v2\/posts"}],"about":[{"href":"https:\/\/encuentroinformativo.com.mx\/index.php?rest_route=\/wp\/v2\/types\/post"}],"author":[{"embeddable":true,"href":"https:\/\/encuentroinformativo.com.mx\/index.php?rest_route=\/wp\/v2\/users\/1"}],"replies":[{"embeddable":true,"href":"https:\/\/encuentroinformativo.com.mx\/index.php?rest_route=%2Fwp%2Fv2%2Fcomments&post=31351"}],"version-history":[{"count":1,"href":"https:\/\/encuentroinformativo.com.mx\/index.php?rest_route=\/wp\/v2\/posts\/31351\/revisions"}],"predecessor-version":[{"id":31353,"href":"https:\/\/encuentroinformativo.com.mx\/index.php?rest_route=\/wp\/v2\/posts\/31351\/revisions\/31353"}],"wp:featuredmedia":[{"embeddable":true,"href":"https:\/\/encuentroinformativo.com.mx\/index.php?rest_route=\/wp\/v2\/media\/31352"}],"wp:attachment":[{"href":"https:\/\/encuentroinformativo.com.mx\/index.php?rest_route=%2Fwp%2Fv2%2Fmedia&parent=31351"}],"wp:term":[{"taxonomy":"category","embeddable":true,"href":"https:\/\/encuentroinformativo.com.mx\/index.php?rest_route=%2Fwp%2Fv2%2Fcategories&post=31351"},{"taxonomy":"post_tag","embeddable":true,"href":"https:\/\/encuentroinformativo.com.mx\/index.php?rest_route=%2Fwp%2Fv2%2Ftags&post=31351"}],"curies":[{"name":"wp","href":"https:\/\/api.w.org\/{rel}","templated":true}]}}