{"id":31354,"date":"2022-09-06T09:23:02","date_gmt":"2022-09-06T14:23:02","guid":{"rendered":"https:\/\/encuentroinformativo.com.mx\/?p=31354"},"modified":"2022-09-06T09:23:07","modified_gmt":"2022-09-06T14:23:07","slug":"peguenle-a-sergio","status":"publish","type":"post","link":"https:\/\/encuentroinformativo.com.mx\/?p=31354","title":{"rendered":"\u00a1P\u00e9guenle a Sergio!"},"content":{"rendered":"\n<p><strong>Los Pol\u00edticos<\/strong><\/p>\n\n\n\n<p><strong>Salvador Mu\u00f1oz<\/strong><\/p>\n\n\n\n<p>Sergio Guti\u00e9rrez Luna es un caso singular en el universo de Morena. A medida de que lo madrean, crece.<\/p>\n\n\n\n<p>Algo ha de tener el nativo de Minatitl\u00e1n para que en cuanto asoma la cabeza, no es la oposici\u00f3n, sino los mismos morenos, los que al grito de \u201cP\u00e9guenle al negro!\u201d, le tiran con ganas.<\/p>\n\n\n\n<p>Se pudiera entender la defensa del territorio cuando de repente, sin decir agua va, hace un a\u00f1o, se les apareci\u00f3 Sergio y empez\u00f3 a generar simpat\u00edas con quienes el Gobierno tiene antipat\u00edas\u2026 y hablamos de diversos sectores que van desde la prensa, empresarios, agrupaciones, y sobre todo, los morenos olvidados, desplazados, traicionados\u2026<\/p>\n\n\n\n<p>De un modo u otro, esos excluidos por un Gobierno arrogante, soberbio, engre\u00eddo, encontraron eco en Sergio Guti\u00e9rrez Luna.<\/p>\n\n\n\n<p>Hay morenos locales que auguran que a la vez que Sergio Luna Guti\u00e9rrez dej\u00f3 la presidencia de la C\u00e1mara de Diputados, igual se desinfla cualquier otra pretensi\u00f3n que tenga en Veracruz\u2026 en una de \u00e9sas, tienen raz\u00f3n\u2026 lo preocupante para estos morenos ser\u00e1 que se equivoquen\u2026<\/p>\n\n\n\n<p>Pero demos el beneficio de la duda a los morenos locales que se inclinan por Roc\u00edo Nahle siguiendo una \u201cse\u00f1al\u201d que vieron en su Tlatoani\u2026 quien tiene todo, no en este momento, sino hace ya casi cuatro a\u00f1os hasta estos d\u00edas, es la zacatecana avecindada en la Ciudad de M\u00e9xico pero con domicilio en Coatzacoalcos, Roc\u00edo Nahle.<\/p>\n\n\n\n<p>S\u00ed, la secretaria de Energ\u00eda pudiera tener todo\u2026 pero quien no tiene nada que perder y todo por ganar, es Sergio Guti\u00e9rrez y as\u00ed, cada golpe que reciba, con insultos, con apodos, con desacreditaciones, s\u00f3lo generan una cosa: lo suben a un ring y le dan el peso para ponerse al t\u00fa por t\u00fa con Nahle, inflada por la inercia de una borregada alimentada por las ocurrencias de un hombre que todos los d\u00edas tiene que hacer enormes esfuerzos para sostener, no su palabra, sino su mentira.<\/p>\n\n\n\n<p>\u00bfQu\u00e9 va a hacer Sergio Guti\u00e9rrez Luna ahora que ya no es presidente de la C\u00e1mara de Diputados? \u00a1Ni idea! Pero s\u00ed s\u00e9 lo que podr\u00eda ser para muchos de estos morenos locales, si mantiene el \u00edmpetu de seguir siendo esa opci\u00f3n para mucha gente que ha sido maltratada por el Gobierno en turno: la piedra en el zapato.<\/p>\n\n\n\n<p>Ojal\u00e1 que esa actitud de Sergio la sacaran otros morenos que en tan poco tiempo, se volvieron \u201cinstitucionales\u201d al Sistema\u2026 bueno, no est\u00e1 de m\u00e1s que hasta cierto modo es comprensible su comportamiento: disentir en Morena es ir contra Morena, contra el Gobernador, contra el Presidente\u2026<\/p>\n\n\n\n<p>\u00a1Ah! \u00a1Exacto! Hasta el momento, no se ha visto que al Tlatoani le moleste el \u00edmpetu del joven Sergio en su af\u00e1n por hacer presencia en todo el territorio veracruzano\u2026 a lo mejor eso, de cierto modo, hace que los morenos locales, vean con recelo a Guti\u00e9rrez Luna, vean el verdadero tama\u00f1o del minatitleco, y lo vean entonces como lo que realmente es: el enemigo a vencer\u2026 quiz\u00e1s por eso los ataques, las ofensas, la diatriba que lejos de bajarlo, lo suben\u2026<\/p>\n\n\n\n<p><a href=\"mailto:smcainito@gmail.com\" target=\"_blank\" rel=\"noreferrer noopener\">smcainito@gmail.com<\/a><\/p>\n","protected":false},"excerpt":{"rendered":"<p>Los Pol\u00edticos Salvador Mu\u00f1oz Sergio Guti\u00e9rrez Luna es un caso singular en el universo de Morena. A medida de que lo madrean, crece. Algo ha de tener el nativo de Minatitl\u00e1n para que en cuanto asoma la cabeza, no es la oposici\u00f3n, sino los mismos morenos, los que al grito de \u201cP\u00e9guenle al negro!\u201d, le [&hellip;]<\/p>\n","protected":false},"author":1,"featured_media":387,"comment_status":"open","ping_status":"open","sticky":false,"template":"","format":"standard","meta":{"_jetpack_memberships_contains_paid_content":false,"footnotes":""},"categories":[11],"tags":[],"class_list":["post-31354","post","type-post","status-publish","format-standard","has-post-thumbnail","hentry","category-opinion"],"jetpack_featured_media_url":"https:\/\/encuentroinformativo.com.mx\/wp-content\/uploads\/2020\/03\/7CF8A22B-2764-47BE-8F7F-38FE9E5D6A2F.jpeg","jetpack_sharing_enabled":true,"jetpack_likes_enabled":true,"amp_enabled":true,"_links":{"self":[{"href":"https:\/\/encuentroinformativo.com.mx\/index.php?rest_route=\/wp\/v2\/posts\/31354","targetHints":{"allow":["GET"]}}],"collection":[{"href":"https:\/\/encuentroinformativo.com.mx\/index.php?rest_route=\/wp\/v2\/posts"}],"about":[{"href":"https:\/\/encuentroinformativo.com.mx\/index.php?rest_route=\/wp\/v2\/types\/post"}],"author":[{"embeddable":true,"href":"https:\/\/encuentroinformativo.com.mx\/index.php?rest_route=\/wp\/v2\/users\/1"}],"replies":[{"embeddable":true,"href":"https:\/\/encuentroinformativo.com.mx\/index.php?rest_route=%2Fwp%2Fv2%2Fcomments&post=31354"}],"version-history":[{"count":1,"href":"https:\/\/encuentroinformativo.com.mx\/index.php?rest_route=\/wp\/v2\/posts\/31354\/revisions"}],"predecessor-version":[{"id":31355,"href":"https:\/\/encuentroinformativo.com.mx\/index.php?rest_route=\/wp\/v2\/posts\/31354\/revisions\/31355"}],"wp:featuredmedia":[{"embeddable":true,"href":"https:\/\/encuentroinformativo.com.mx\/index.php?rest_route=\/wp\/v2\/media\/387"}],"wp:attachment":[{"href":"https:\/\/encuentroinformativo.com.mx\/index.php?rest_route=%2Fwp%2Fv2%2Fmedia&parent=31354"}],"wp:term":[{"taxonomy":"category","embeddable":true,"href":"https:\/\/encuentroinformativo.com.mx\/index.php?rest_route=%2Fwp%2Fv2%2Fcategories&post=31354"},{"taxonomy":"post_tag","embeddable":true,"href":"https:\/\/encuentroinformativo.com.mx\/index.php?rest_route=%2Fwp%2Fv2%2Ftags&post=31354"}],"curies":[{"name":"wp","href":"https:\/\/api.w.org\/{rel}","templated":true}]}}