{"id":31357,"date":"2022-09-06T09:35:29","date_gmt":"2022-09-06T14:35:29","guid":{"rendered":"https:\/\/encuentroinformativo.com.mx\/?p=31357"},"modified":"2022-09-06T09:35:34","modified_gmt":"2022-09-06T14:35:34","slug":"que-viene-para-veracruz-en-finanzas","status":"publish","type":"post","link":"https:\/\/encuentroinformativo.com.mx\/?p=31357","title":{"rendered":"\u00bfQU\u00c9 VIENE PARA VERACRUZ EN FINANZAS?"},"content":{"rendered":"\n<p><strong>ColumnaSinNombre<br>@pablojair<\/strong><\/p>\n\n\n\n<ul class=\"wp-block-list\"><li>PepeYu nom\u00e1s se ha destapado en medios: Marlon.<\/li><li>\u00bfCosta Esmeralda Fest sustituir\u00e1 a la Cumbre Taj\u00edn?<\/li><li>\u00bfHay que borrar la historia del Estado Mayor Presidencial?<\/li><\/ul>\n\n\n\n<p>Otro Yunes quiere la gubernatura; futa, qu\u00e9 novedad\u2026<br>\u2014Chopenjawer<\/p>\n\n\n\n<p>Para cualquier gobierno, en cualquier nivel, el principal reto siempre ser\u00e1 la administraci\u00f3n de las finanzas, m\u00e1s ahora que la fiscalizaci\u00f3n se ha convertido en algo real y no una farsa como exist\u00eda en el pasado, cuando se aprobaban cuentas alegres de acuerdo a la conveniencia pol\u00edtica.<\/p>\n\n\n\n<p>Veracruz, sobra decirlo, ha pasado por gobiernos que comenzaron a tener crisis financieras, siendo el de Patricio Chirinos Calero (1992\u20131998) el \u00faltimo que supuestamente dej\u00f3 dinero en caja, pasando por el de Miguel Alem\u00e1n Velasco (1998-2004), quien a pocos meses de terminar su mandato pidi\u00f3 un pr\u00e9stamo de 3 mil 500 millones; vendr\u00edan luego Fidel Herrera Beltr\u00e1n (2004-2010), que us\u00f3 esquemas como la bursatilizaci\u00f3n de recursos municipales, obligando a ayuntamientos a endeudarse; y Javier Duarte de Ochoa (2010-2016) donde finalmente se termin\u00f3 por consolidar la debacle de las finanzas bajo esc\u00e1ndalos de corrupci\u00f3n.<\/p>\n\n\n\n<p>Los \u00faltimos dos gobernadores (todos emanados del PRI) fueron los que finalmente llevaron a Veracruz a padecer deudas impagables. S\u00f3lo Fidel Herrera, h\u00e1bilmente, eludi\u00f3 cualquier responsabilidad al dejar en la gubernatura a su exsecretario de Finanzas y que \u00e9ste le aprobara &#8211;v\u00eda el Congreso del Estado&#8211; las cuentas p\u00fablicas.<\/p>\n\n\n\n<p>Hubo una mini-transici\u00f3n en 2018 con la gubernatura de dos a\u00f1os (un ajuste de tiempo para homologar calendarios electorales), derrumb\u00e1ndose el PRI y pasando la estafeta al Partido Acci\u00f3n Nacional\u2026 con un expri\u00edsta en el poder: Miguel \u00c1ngel Yunes Linares, quien nada hizo por frenar la crisis porque, uno, no le daba tiempo en dos a\u00f1os; y dos, porque se le derrumb\u00f3 el proyecto familiar de imponer a sus hijos en la gubernatura como si fuese una dinast\u00eda.<\/p>\n\n\n\n<p>Al entrar Cuitl\u00e1huac Garc\u00eda Jim\u00e9nez al poder (con el partido Morena, para el periodo 2018-2024), revel\u00f3 que de plano Yunes no le dej\u00f3 dinero en caja ni siquiera para afrontar los gastos de n\u00f3mina.<\/p>\n\n\n\n<p>M\u00e1s consciente de la dif\u00edcil realidad, Garc\u00eda Jim\u00e9nez decidi\u00f3 tomar el toro por los cuernos (una de las mejores decisiones de su gobierno) e instruy\u00f3 a su secretario de Finanzas, Jos\u00e9 Luis Lima Franco, para que se tomaran medidas que ayudaran al ahorro de recursos, adem\u00e1s de dise\u00f1ar los esquemas de recaudaci\u00f3n m\u00e1s efectivos para que el Gobierno de Veracruz tuviese m\u00e1s dinero.<\/p>\n\n\n\n<p>Lo anterior no fue f\u00e1cil, pues de entrada hubo disminuci\u00f3n de salarios, recorte de presupuesto a varias \u00e1reas y apegarse a esquemas de austeridad como el no usar aeronaves para el traslado del Ejecutivo por una entidad larga y compleja. A eso se suma la reestructuraci\u00f3n de la deuda bancaria para poder hacerla m\u00e1s manejable.<\/p>\n\n\n\n<p>No hab\u00eda de otra: hab\u00eda que parar la bola de nieve generada desde el Fidelismo con esa din\u00e1mica irresponsable del &#8220;Me endeudo yo y el de atr\u00e1s paga&#8221;.<\/p>\n\n\n\n<p>Dichas medidas han logrado controlar las finanzas desbocadas en Veracruz y la prueba est\u00e1 en que las firmas calificadoras (donde consultan bancos e inversionistas para asegurar su dinero) han subido la calificaci\u00f3n financiera de Veracruz que pr\u00e1cticamente estaba en cero, logrando estabilizar el barco y ahora teniendo una situaci\u00f3n m\u00e1s manejable.<\/p>\n\n\n\n<p>El mismo secretario Lima Franco ha dicho en reiteradas ocasiones que actualmente la deuda es manejable y se ha reducido en 12 mil millones de pesos, lo que ha permitido tener gobernabilidad y una administraci\u00f3n con finanzas estables, sin que se incremente el saldo de la deuda desde 2018, cuando inici\u00f3 el gobierno de Cuitl\u00e1huac Garc\u00eda Jim\u00e9nez.<\/p>\n\n\n\n<p>Los n\u00fameros hablan claro y son fr\u00edos: para 2018 se recibe una deuda de 87 mil 207 millones de pesos, que incluyen deuda p\u00fablica por 44 mil 355 millones y otros pasivos por 15 mil 239 millones (que est\u00e1n dentro del balance general, como los bancos), pero a los cuales se suman las cuentas de orden, que son otros cr\u00e9ditos (por 6 mil 042 millones) y operaciones en proceso de aprobaci\u00f3n (por 21 mil 571 millones de pesos).<\/p>\n\n\n\n<p>Para 2021, se redujo todo en un 13%; es decir: la deuda actual es de 75 mil 176 millones de pesos, seg\u00fan datos oficiales de la Secretar\u00eda de Finanzas.<\/p>\n\n\n\n<p>Muestra tambi\u00e9n de ello es que los \u00faltimos 8 trimestres, la Secretar\u00eda de Hacienda y Cr\u00e9dito P\u00fablico ha marcado en verde el sem\u00e1foro de alertas para Veracruz, donde se eval\u00faa si la entidad va bien, va regular (amarillo) o de plano tiene un caos sus finanzas (rojo).<\/p>\n\n\n\n<p>El asunto es \u00bfqu\u00e9 sigue?\u2026 Ya se aplic\u00f3 la austeridad al m\u00e1ximo, ya se tienen los ahorros, ya hay finanzas estables, ya hay una recaudaci\u00f3n eficiente\u2026 \u00bfPero de d\u00f3nde vendr\u00e1 m\u00e1s dinero para que el estado pueda hacer m\u00e1s inversi\u00f3n p\u00fablica y no quedarse s\u00f3lo en los pendientes obligados a pagar como n\u00f3mina y deudas?<\/p>\n\n\n\n<p>Se habla de que en un futuro no muy lejano podr\u00eda haber una sorpresa positiva en el tema de inteligencia financiera que permitir\u00eda a Veracruz tener acceso a recursos inmediatos.<\/p>\n\n\n\n<p>Lo anterior es justo y necesario, como dicen en misa, pues Lima Franco sabe que hay un gran reto en lo que son los dos \u00faltimos a\u00f1os de gobierno \u2014cuando hay que apretar el paso para consolidar Morena para 2024\u2014 y adem\u00e1s tiene que seguir la din\u00e1mica del r\u00e9cord de obras que el gobernador Cuitl\u00e1huac presume constantemente, o sencillamente porque el estado va requiriendo nueva infraestructura o rehabilitar la existente.<\/p>\n\n\n\n<p>Y para todo eso se necesita dinero, dinero, dinero\u2026 Y pues no, no precisamente se da en los \u00e1rboles ni tampoco cae del cielo. A ver qu\u00e9 pasa en los pr\u00f3ximos d\u00edas.<\/p>\n\n\n\n<p><strong>NOTA PARA PEGAR EN EL REFRI:<\/strong> Que el l\u00edder estatal del PRI y diputado local, Marlon Ram\u00edrez Mar\u00edn, asever\u00f3 que hasta el momento no hay una solicitud formal ante el partido por parte del diputado Jos\u00e9 Yunes Zorrilla para convertirse en el abanderado de la coalici\u00f3n a la gubernatura de Veracruz para el 2024\u2026 Se\u00f1al\u00f3 que aunque en medios de comunicaci\u00f3n el perote\u00f1o habl\u00f3 de su aspiraci\u00f3n para participar en las pr\u00f3ximas elecciones, \u201cen el partido la \u00fanica notificaci\u00f3n formal que la dirigencia estatal tiene de una aspiraci\u00f3n para participar en la elecci\u00f3n es del licenciado H\u00e9ctor Yunes Landa. De manera formal, ni el comit\u00e9 nacional, ni estatal hemos recibido otra aspiraci\u00f3n como la que dice tener el diputado Yunes Zorrilla\u201d\u2026 Ambos priistas han participado en elecciones pasadas, por la gubernatura, teniendo ambos una fatal derrota; a H\u00e9ctor Yunes le gan\u00f3 en el a\u00f1o 2016 su primo el panista Miguel \u00c1ngel Yunes Linares, y Pepe Yunes qued\u00f3 en tercer en 2018\u2026 Informaci\u00f3n de la periodista Samantha Ortega.<\/p>\n\n\n\n<p><strong>OTRA NOTA:<\/strong> Ahora que se dio este fin de semana la segunda edici\u00f3n del Costa Esmeralda Fest, uno se pregunta si la intenci\u00f3n de la Cuarta Transformeishion ser\u00e1 ir plantando tambi\u00e9n su bandera con eventos propios para irse a alejando poco a poco de la muy venida a menos Cumbre Taj\u00edn, que fue creaci\u00f3n del priista Miguel Alem\u00e1n Velasco y que por a\u00f1os fue el evento fuerte en el estado para el priato, con carteles art\u00edsticos que lleg\u00f3 a traer artistas de alto nivel como Santana, Bjork o Tool\u2026 Se entiende que ya hay nuevas generaciones y los nuevos artistas de moda para la chaviza ahora son puros reguetoneros &#8220;que hablan como idiotas&#8221; (as\u00ed dicen los de 31 Minutos), as\u00ed que el festival jal\u00f3 mucha banda joven y sirvi\u00f3 como prueba de que en una de esas la Cumbre ya la ir\u00e1n sacando de circulaci\u00f3n, convirti\u00e9ndola en un asunto m\u00e1s de rollo indigenista, folkl\u00f3rico, cultural, casi-casi fiesta patronal, para darle paso al relevo generacional\u2026 Ya sabe, es cosa de legados y gustos.<\/p>\n\n\n\n<p><strong>LA \u00daLTIMA PORQUE VAMOS A PEDIRLE HUMILDEMENTE A GANESHA:<\/strong> Un importante evento se suscit\u00f3 este fin de semana, el viernes para ser exacto, y fue la colocaci\u00f3n del palo volador en lo que fue la explanada del extinto Estado Mayor Presidencial y donde el emblem\u00e1tico edificio del Molino del Rey ahora es es llamado Conecalli\u2026 Ah\u00ed el gobernador Cuitl\u00e1huac Gac\u00eda y la secretaria federal de Cultura, Alejandra Frausto, fueron quienes encabezaron junto a varios representantes de etnias de la regi\u00f3n huasteca, totonaca, de otros estados como Puebla, este evento muy significativo y simb\u00f3lico que adem\u00e1s ser\u00e1 un evento permanente en lo que fue la residencia oficial de Los Pinos. Es decir, habr\u00e1 voladores de Papantla, de Cuetzalan, de otros lugares inclusive de Centroam\u00e9rica, quienes estar\u00e1n visitando constantemente este nuevo sitio para mostrar sus habilidades de vuelo\u2026 Lo que tambi\u00e9n es muy vistoso es que de plano parece que la idea es borrar todo indicio de lo que fue el Estado Mayor Presidencial; al final de cuentas dicen que la historia la escriben los vencedores, y lo que era el lugar emblem\u00e1tico e hist\u00f3rico donde se dio una batalla contra los invasores estadounidenses en 1847, pues ahora es un museo dedicado al ma\u00edz, mientras que la Galer\u00eda Hist\u00f3rica instalada en 1997, con el fin de albergar distintos objetos relacionados con la labor de este desaparecido cuerpo militar (como las limusinas presidenciales, ahora a la intemperie), pues ahora est\u00e1 en remodelaci\u00f3n, sirviendo de ba\u00f1os p\u00fablicos y hasta para una exposici\u00f3n de la revoluci\u00f3n cubana. Chiaaaaaale.<\/p>\n","protected":false},"excerpt":{"rendered":"<p>ColumnaSinNombre@pablojair PepeYu nom\u00e1s se ha destapado en medios: Marlon. \u00bfCosta Esmeralda Fest sustituir\u00e1 a la Cumbre Taj\u00edn? \u00bfHay que borrar la historia del Estado Mayor Presidencial? Otro Yunes quiere la gubernatura; futa, qu\u00e9 novedad\u2026\u2014Chopenjawer Para cualquier gobierno, en cualquier nivel, el principal reto siempre ser\u00e1 la administraci\u00f3n de las finanzas, m\u00e1s ahora que la fiscalizaci\u00f3n [&hellip;]<\/p>\n","protected":false},"author":1,"featured_media":488,"comment_status":"open","ping_status":"open","sticky":false,"template":"","format":"standard","meta":{"_jetpack_memberships_contains_paid_content":false,"footnotes":""},"categories":[11],"tags":[],"class_list":["post-31357","post","type-post","status-publish","format-standard","has-post-thumbnail","hentry","category-opinion"],"jetpack_featured_media_url":"https:\/\/encuentroinformativo.com.mx\/wp-content\/uploads\/2020\/03\/F471F608-BA1A-416B-BA7B-BCFB24F4E6D0.jpeg","jetpack_sharing_enabled":true,"jetpack_likes_enabled":true,"amp_enabled":true,"_links":{"self":[{"href":"https:\/\/encuentroinformativo.com.mx\/index.php?rest_route=\/wp\/v2\/posts\/31357","targetHints":{"allow":["GET"]}}],"collection":[{"href":"https:\/\/encuentroinformativo.com.mx\/index.php?rest_route=\/wp\/v2\/posts"}],"about":[{"href":"https:\/\/encuentroinformativo.com.mx\/index.php?rest_route=\/wp\/v2\/types\/post"}],"author":[{"embeddable":true,"href":"https:\/\/encuentroinformativo.com.mx\/index.php?rest_route=\/wp\/v2\/users\/1"}],"replies":[{"embeddable":true,"href":"https:\/\/encuentroinformativo.com.mx\/index.php?rest_route=%2Fwp%2Fv2%2Fcomments&post=31357"}],"version-history":[{"count":1,"href":"https:\/\/encuentroinformativo.com.mx\/index.php?rest_route=\/wp\/v2\/posts\/31357\/revisions"}],"predecessor-version":[{"id":31358,"href":"https:\/\/encuentroinformativo.com.mx\/index.php?rest_route=\/wp\/v2\/posts\/31357\/revisions\/31358"}],"wp:featuredmedia":[{"embeddable":true,"href":"https:\/\/encuentroinformativo.com.mx\/index.php?rest_route=\/wp\/v2\/media\/488"}],"wp:attachment":[{"href":"https:\/\/encuentroinformativo.com.mx\/index.php?rest_route=%2Fwp%2Fv2%2Fmedia&parent=31357"}],"wp:term":[{"taxonomy":"category","embeddable":true,"href":"https:\/\/encuentroinformativo.com.mx\/index.php?rest_route=%2Fwp%2Fv2%2Fcategories&post=31357"},{"taxonomy":"post_tag","embeddable":true,"href":"https:\/\/encuentroinformativo.com.mx\/index.php?rest_route=%2Fwp%2Fv2%2Ftags&post=31357"}],"curies":[{"name":"wp","href":"https:\/\/api.w.org\/{rel}","templated":true}]}}