{"id":31362,"date":"2022-09-06T11:31:09","date_gmt":"2022-09-06T16:31:09","guid":{"rendered":"https:\/\/encuentroinformativo.com.mx\/?p=31362"},"modified":"2022-09-06T11:31:12","modified_gmt":"2022-09-06T16:31:12","slug":"anuncia-muac-programa-que-no-te-de-pena-para-deteccion-de-cancer-de-mama-infantil","status":"publish","type":"post","link":"https:\/\/encuentroinformativo.com.mx\/?p=31362","title":{"rendered":"Anuncia MUAC programa &#8220;Que No Te De Pena&#8221;, para detecci\u00f3n de c\u00e1ncer de mama infantil"},"content":{"rendered":"\n<p><strong>Alejandro \u00c1vila<\/strong><\/p>\n\n\n\n<p>Veracruz, Ver.- La Asociaci\u00f3n Mujeres Activas contra el C\u00e1ncer de Mama (MUAC), iniciar\u00e1 a partir del mes de octubre el programa &#8220;Que No Te De Pena&#8221;, con la finalidad de detectar c\u00e1ncer de mama infantil.<\/p>\n\n\n\n<p>La presidenta de MUAC, Beatriz Cruz Sol\u00f3rzano detall\u00f3 que, tras conocer el caso de una peque\u00f1a originaria de Xalapa de apenas 16 a\u00f1os de edad con c\u00e1ncer de mama, decidieron comenzar con ese proyecto.<\/p>\n\n\n\n<p>&#8220;Es precisamente para que las ni\u00f1as y los ni\u00f1os est\u00e9n informados, que lamentablemente pueden padecer tambi\u00e9n un diagn\u00f3stico de c\u00e1ncer de mama en menores, tuvimos la experiencia en Xalapa con una chiquita de 16 a\u00f1os, y creo que esto nos pone en alerta para tambi\u00e9n los ni\u00f1os est\u00e9n informados y se los cuenten sus pap\u00e1s lo que les est\u00e1 ocurriendo, para que tengan una detecci\u00f3n en la etapa temprana&#8221;, subray\u00f3.<\/p>\n\n\n\n<p>Cruz Sol\u00f3rzano dijo que este proyecto iniciar\u00e1 en el mes de octubre, y se tiene como finalidad llegar a todas las escuelas de la zona conurbada Veracruz &#8211; Boca del R\u00edo; iniciando con los peque\u00f1os desde el quinto a\u00f1o de primaria, hasta secundaria y bachillerato.<\/p>\n\n\n\n<p>&#8220;Considero que a partir del quinto a\u00f1o de primaria, o sexto a\u00f1o se puede llevar ya la pl\u00e1tica, incluso en compa\u00f1\u00eda de sus mam\u00e1s se podr\u00eda dar esa pl\u00e1tica, estamos abiertas, nos pueden contactar estamos en la oficina 8 del World Trade Center, ah\u00ed nos pueden contactar, o en las redes sociales estamos como MUAC A.C.&#8221;, culmin\u00f3.<\/p>\n","protected":false},"excerpt":{"rendered":"<p>Alejandro \u00c1vila Veracruz, Ver.- La Asociaci\u00f3n Mujeres Activas contra el C\u00e1ncer de Mama (MUAC), iniciar\u00e1 a partir del mes de octubre el programa &#8220;Que No Te De Pena&#8221;, con la finalidad de detectar c\u00e1ncer de mama infantil. La presidenta de MUAC, Beatriz Cruz Sol\u00f3rzano detall\u00f3 que, tras conocer el caso de una peque\u00f1a originaria de [&hellip;]<\/p>\n","protected":false},"author":1,"featured_media":31363,"comment_status":"open","ping_status":"open","sticky":false,"template":"","format":"standard","meta":{"_jetpack_memberships_contains_paid_content":false,"footnotes":""},"categories":[2],"tags":[],"class_list":["post-31362","post","type-post","status-publish","format-standard","has-post-thumbnail","hentry","category-estado"],"jetpack_featured_media_url":"https:\/\/encuentroinformativo.com.mx\/wp-content\/uploads\/2022\/09\/11941077-A85D-4BD0-8F66-F16AA2C34347.jpeg","jetpack_sharing_enabled":true,"jetpack_likes_enabled":true,"amp_enabled":true,"_links":{"self":[{"href":"https:\/\/encuentroinformativo.com.mx\/index.php?rest_route=\/wp\/v2\/posts\/31362","targetHints":{"allow":["GET"]}}],"collection":[{"href":"https:\/\/encuentroinformativo.com.mx\/index.php?rest_route=\/wp\/v2\/posts"}],"about":[{"href":"https:\/\/encuentroinformativo.com.mx\/index.php?rest_route=\/wp\/v2\/types\/post"}],"author":[{"embeddable":true,"href":"https:\/\/encuentroinformativo.com.mx\/index.php?rest_route=\/wp\/v2\/users\/1"}],"replies":[{"embeddable":true,"href":"https:\/\/encuentroinformativo.com.mx\/index.php?rest_route=%2Fwp%2Fv2%2Fcomments&post=31362"}],"version-history":[{"count":1,"href":"https:\/\/encuentroinformativo.com.mx\/index.php?rest_route=\/wp\/v2\/posts\/31362\/revisions"}],"predecessor-version":[{"id":31364,"href":"https:\/\/encuentroinformativo.com.mx\/index.php?rest_route=\/wp\/v2\/posts\/31362\/revisions\/31364"}],"wp:featuredmedia":[{"embeddable":true,"href":"https:\/\/encuentroinformativo.com.mx\/index.php?rest_route=\/wp\/v2\/media\/31363"}],"wp:attachment":[{"href":"https:\/\/encuentroinformativo.com.mx\/index.php?rest_route=%2Fwp%2Fv2%2Fmedia&parent=31362"}],"wp:term":[{"taxonomy":"category","embeddable":true,"href":"https:\/\/encuentroinformativo.com.mx\/index.php?rest_route=%2Fwp%2Fv2%2Fcategories&post=31362"},{"taxonomy":"post_tag","embeddable":true,"href":"https:\/\/encuentroinformativo.com.mx\/index.php?rest_route=%2Fwp%2Fv2%2Ftags&post=31362"}],"curies":[{"name":"wp","href":"https:\/\/api.w.org\/{rel}","templated":true}]}}