{"id":3137,"date":"2020-06-05T23:22:25","date_gmt":"2020-06-06T04:22:25","guid":{"rendered":"https:\/\/encuentroinformativo.com\/?p=3137"},"modified":"2020-06-05T23:22:27","modified_gmt":"2020-06-06T04:22:27","slug":"cerca-de-200-fallecidos-en-una-semana-por-covid-en-veracruz","status":"publish","type":"post","link":"https:\/\/encuentroinformativo.com.mx\/?p=3137","title":{"rendered":"Cerca de 200 fallecidos en una semana por Covid en Veracruz"},"content":{"rendered":"\n<p><strong>Juan Arcos <\/strong><\/p>\n\n\n\n<p>Xalapa, Ver.- Un total de 185 pacientes murieron en Veracruz por Covid-19 durante la primera semana de junio.<\/p>\n\n\n\n<p>De acuerdo con el reporte diario que emite la Secretaria de Salud en la entidad, este viernes 5 de junio se reportaron 743 defunciones en 87 municipios mientras que el pasado lunes 1 de junio ocurrieron 558 decesos.<\/p>\n\n\n\n<p>La noche de este viernes, la jefa de Epidemiolog\u00eda de la Secretar\u00eda de Salud, Dulce Mar\u00eda Espejo Guevara, se registraron 4 mil 895 casos son positivos a Covid-19 en 143 demarcaciones.<\/p>\n\n\n\n<p>Tambi\u00e9n ha habido 2 mil 517 recuperados, mil 615 en vigilancia y 778 activos en el estado.<\/p>\n\n\n\n<p>La cifra de positivos acumulados es de 4 mil 875 en 143 demarcaciones.<\/p>\n\n\n\n<p>En la entidad han sido estudiados 10 mil 105 casos, de los cuales 3 mil 693 resultaron negativos.<\/p>\n\n\n\n<p>Se trata de mil 537 sospechosos de 105 municipios contin\u00faan en investigaci\u00f3n.<\/p>\n\n\n\n<p>El secretario de Salud, Roberto Ramos Alor, indic\u00f3 que por el notable incremento en la cifra de contagios de aplicaron medidas m\u00e1s restrictivas en el Puerto de Veracruz, Boca del R\u00edo, Poza Rica, Minatitl\u00e1n y Coatzacoalcos.<\/p>\n\n\n\n<p>De igual forma, pidi\u00f3 a la poblaci\u00f3n informarme a trav\u00e9s de la p\u00e1gina&nbsp;<a href=\"http:\/\/www.coronavirus.veracruz.gob.mx\/\" rel=\"noreferrer noopener\" target=\"_blank\">www.coronavirus.veracruz.gob.mx<\/a>.<\/p>\n\n\n\n<p><\/p>\n","protected":false},"excerpt":{"rendered":"<p>Juan Arcos Xalapa, Ver.- Un total de 185 pacientes murieron en Veracruz por Covid-19 durante la primera semana de junio. De acuerdo con el reporte diario que emite la Secretaria de Salud en la entidad, este viernes 5 de junio se reportaron 743 defunciones en 87 municipios mientras que el pasado lunes 1 de junio [&hellip;]<\/p>\n","protected":false},"author":1,"featured_media":3138,"comment_status":"open","ping_status":"open","sticky":false,"template":"","format":"standard","meta":{"_jetpack_memberships_contains_paid_content":false,"footnotes":""},"categories":[2],"tags":[],"class_list":["post-3137","post","type-post","status-publish","format-standard","has-post-thumbnail","hentry","category-estado"],"jetpack_featured_media_url":"https:\/\/encuentroinformativo.com.mx\/wp-content\/uploads\/2020\/06\/0F9857F8-8B80-4B3B-8690-0ACBAC97C307.png","jetpack_sharing_enabled":true,"jetpack_likes_enabled":true,"amp_enabled":true,"_links":{"self":[{"href":"https:\/\/encuentroinformativo.com.mx\/index.php?rest_route=\/wp\/v2\/posts\/3137","targetHints":{"allow":["GET"]}}],"collection":[{"href":"https:\/\/encuentroinformativo.com.mx\/index.php?rest_route=\/wp\/v2\/posts"}],"about":[{"href":"https:\/\/encuentroinformativo.com.mx\/index.php?rest_route=\/wp\/v2\/types\/post"}],"author":[{"embeddable":true,"href":"https:\/\/encuentroinformativo.com.mx\/index.php?rest_route=\/wp\/v2\/users\/1"}],"replies":[{"embeddable":true,"href":"https:\/\/encuentroinformativo.com.mx\/index.php?rest_route=%2Fwp%2Fv2%2Fcomments&post=3137"}],"version-history":[{"count":1,"href":"https:\/\/encuentroinformativo.com.mx\/index.php?rest_route=\/wp\/v2\/posts\/3137\/revisions"}],"predecessor-version":[{"id":3139,"href":"https:\/\/encuentroinformativo.com.mx\/index.php?rest_route=\/wp\/v2\/posts\/3137\/revisions\/3139"}],"wp:featuredmedia":[{"embeddable":true,"href":"https:\/\/encuentroinformativo.com.mx\/index.php?rest_route=\/wp\/v2\/media\/3138"}],"wp:attachment":[{"href":"https:\/\/encuentroinformativo.com.mx\/index.php?rest_route=%2Fwp%2Fv2%2Fmedia&parent=3137"}],"wp:term":[{"taxonomy":"category","embeddable":true,"href":"https:\/\/encuentroinformativo.com.mx\/index.php?rest_route=%2Fwp%2Fv2%2Fcategories&post=3137"},{"taxonomy":"post_tag","embeddable":true,"href":"https:\/\/encuentroinformativo.com.mx\/index.php?rest_route=%2Fwp%2Fv2%2Ftags&post=3137"}],"curies":[{"name":"wp","href":"https:\/\/api.w.org\/{rel}","templated":true}]}}