{"id":31378,"date":"2022-09-06T13:46:23","date_gmt":"2022-09-06T18:46:23","guid":{"rendered":"https:\/\/encuentroinformativo.com.mx\/?p=31378"},"modified":"2022-09-06T13:46:27","modified_gmt":"2022-09-06T18:46:27","slug":"en-proximos-dias-llegaria-caravana-de-migrantes-a-veracruz","status":"publish","type":"post","link":"https:\/\/encuentroinformativo.com.mx\/?p=31378","title":{"rendered":"En pr\u00f3ximos d\u00edas, llegar\u00eda caravana de migrantes a Veracruz"},"content":{"rendered":"\n<p><strong>Juan Arcos <\/strong><\/p>\n\n\n\n<p>Xalapa, Ver.- El director de Atenci\u00f3n a Migrantes, Carlos Enrique Escalante Igual, indic\u00f3 que en los pr\u00f3ximos d\u00edas podr\u00eda arribar una caravana de migrantes centroamericanos a Veracruz, que actualmente recorre el estado de Chiapas.<\/p>\n\n\n\n<p>El funcionario estatal dio a conocer que el personal de la dependencia est\u00e1 a la espera del arribo de los extranjeros para darles acompa\u00f1amiento y brindar la atenci\u00f3n que requieran.<\/p>\n\n\n\n<p>Record\u00f3 que la entidad ocupa uno de los primeros lugares a nivel nacional por el arribo de migrantes centroamericanos.\u00a0<\/p>\n\n\n\n<p>&#8220;Tenemos casi un 52 por ciento de personas que pasan por el estado de Veracruz de todos los que van en busca del sue\u00f1o americano. Veracruz al ser tan importante tenemos que prestar mucha atenci\u00f3n&#8221;, expres\u00f3.<\/p>\n\n\n\n<p>La Direcci\u00f3n de Atenci\u00f3n a Migrantes se coordina con la Secretar\u00eda de Seguridad P\u00fablica (SSP), la Secretar\u00eda de Salud (SS), la Secretar\u00eda de Protecci\u00f3n Civil y Fiscal\u00eda General del Estado (FGE) para brindar una mejor atenci\u00f3n a los centroamericanos.<\/p>\n\n\n\n<p>Escalante Igual destac\u00f3 que el Instituto Nacional de Migraci\u00f3n (INM) contin\u00faa otorgando una autorizaci\u00f3n para que los migrantes permanezcan durante 30 d\u00edas.<\/p>\n\n\n\n<p>En ese tiempo, los extranjeros podr\u00edan retornar a sus pa\u00edses de origen o intentar llegar a la frontera norte para cruzar a Estados Unidos, en busca del \u201csue\u00f1o americano\u201d.<\/p>\n\n\n\n<p>Adem\u00e1s, el Director de Atenci\u00f3n a Migrantes mencion\u00f3 que continuar\u00e1n los aseguramientos de personas indocumentadas, pues reci\u00e9n fueron resguardados 180 migrantes sobre la carretera Las Choapas-Moloac\u00e1n, en la zona sur de la entidad.\u00a0<\/p>\n\n\n\n<p>\u201cSe hacen aseguramientos, en ocasiones lo hacen en los autobuses de pasajeros o en otras ocasiones lo hacen en tr\u00e1ilers que es cuando las personas vienen en muy malas condiciones, muy lastimadas, golpeadas y muchas veces son abandonados\u201d, enfatiz\u00f3.<\/p>\n\n\n\n<p>Finalmente, revel\u00f3 que al d\u00eda se aseguran, en promedio, 300 migrantes en las distintas regiones del estado de Veracruz.<\/p>\n","protected":false},"excerpt":{"rendered":"<p>Juan Arcos Xalapa, Ver.- El director de Atenci\u00f3n a Migrantes, Carlos Enrique Escalante Igual, indic\u00f3 que en los pr\u00f3ximos d\u00edas podr\u00eda arribar una caravana de migrantes centroamericanos a Veracruz, que actualmente recorre el estado de Chiapas. El funcionario estatal dio a conocer que el personal de la dependencia est\u00e1 a la espera del arribo de [&hellip;]<\/p>\n","protected":false},"author":1,"featured_media":31379,"comment_status":"open","ping_status":"open","sticky":false,"template":"","format":"standard","meta":{"_jetpack_memberships_contains_paid_content":false,"footnotes":""},"categories":[2],"tags":[],"class_list":["post-31378","post","type-post","status-publish","format-standard","has-post-thumbnail","hentry","category-estado"],"jetpack_featured_media_url":"https:\/\/encuentroinformativo.com.mx\/wp-content\/uploads\/2022\/09\/3945334B-0EF2-4372-BB49-620CE3EC46B9.jpeg","jetpack_sharing_enabled":true,"jetpack_likes_enabled":true,"amp_enabled":true,"_links":{"self":[{"href":"https:\/\/encuentroinformativo.com.mx\/index.php?rest_route=\/wp\/v2\/posts\/31378","targetHints":{"allow":["GET"]}}],"collection":[{"href":"https:\/\/encuentroinformativo.com.mx\/index.php?rest_route=\/wp\/v2\/posts"}],"about":[{"href":"https:\/\/encuentroinformativo.com.mx\/index.php?rest_route=\/wp\/v2\/types\/post"}],"author":[{"embeddable":true,"href":"https:\/\/encuentroinformativo.com.mx\/index.php?rest_route=\/wp\/v2\/users\/1"}],"replies":[{"embeddable":true,"href":"https:\/\/encuentroinformativo.com.mx\/index.php?rest_route=%2Fwp%2Fv2%2Fcomments&post=31378"}],"version-history":[{"count":1,"href":"https:\/\/encuentroinformativo.com.mx\/index.php?rest_route=\/wp\/v2\/posts\/31378\/revisions"}],"predecessor-version":[{"id":31380,"href":"https:\/\/encuentroinformativo.com.mx\/index.php?rest_route=\/wp\/v2\/posts\/31378\/revisions\/31380"}],"wp:featuredmedia":[{"embeddable":true,"href":"https:\/\/encuentroinformativo.com.mx\/index.php?rest_route=\/wp\/v2\/media\/31379"}],"wp:attachment":[{"href":"https:\/\/encuentroinformativo.com.mx\/index.php?rest_route=%2Fwp%2Fv2%2Fmedia&parent=31378"}],"wp:term":[{"taxonomy":"category","embeddable":true,"href":"https:\/\/encuentroinformativo.com.mx\/index.php?rest_route=%2Fwp%2Fv2%2Fcategories&post=31378"},{"taxonomy":"post_tag","embeddable":true,"href":"https:\/\/encuentroinformativo.com.mx\/index.php?rest_route=%2Fwp%2Fv2%2Ftags&post=31378"}],"curies":[{"name":"wp","href":"https:\/\/api.w.org\/{rel}","templated":true}]}}