{"id":31388,"date":"2022-09-06T14:29:12","date_gmt":"2022-09-06T19:29:12","guid":{"rendered":"https:\/\/encuentroinformativo.com.mx\/?p=31388"},"modified":"2022-09-06T14:29:16","modified_gmt":"2022-09-06T19:29:16","slug":"va-sedema-por-rescate-de-arroyo-moreno-y-laguna-del-farallon","status":"publish","type":"post","link":"https:\/\/encuentroinformativo.com.mx\/?p=31388","title":{"rendered":"Va SEDEMA por rescate de Arroyo Moreno y Laguna del Farall\u00f3n"},"content":{"rendered":"\n<p><strong>Alejandro \u00c1vila<\/strong><\/p>\n\n\n\n<p>Veracruz, Ver.- En pr\u00f3ximos d\u00edas se iniciar\u00e1 con el rescate del Arroyo Moreno y la Laguna del Farall\u00f3n, donde se invertir\u00e1n 20 millones de pesos, inform\u00f3 el secretario de Medio Ambiente, Juan Carlos Contreras Bautista.<\/p>\n\n\n\n<p>El funcionario estatal detall\u00f3 que, en el caso de la zona protegida Arroyo Moreno, ser\u00e1n trabajos de limpieza y desazolve, debido a que el \u00e1rea que le corresponde el municipio de Boca del R\u00edo, ha sido rellenada con escombro durante los \u00faltimos a\u00f1os.<\/p>\n\n\n\n<p>Para este proyecto en espec\u00edfico se destinar\u00e1n 13 millonesde pesos; al tiempo que aclar\u00f3, ya se hicieron las denuncias pertinentes para qui\u00e9n resulte responsable, aunque dijo, los encargados de ejecutar la investigaci\u00f3n y las multas, debe ser la Procuradur\u00eda de Medio Ambiente (PMA).<\/p>\n\n\n\n<p>&#8220;Son varios miles de metros c\u00fabicos de escombros que se han ido rellenando los humedales. Se han puesto denuncias, desalojo y sitios rellenados&#8221;, apunt\u00f3.<\/p>\n\n\n\n<p>Sobre la Laguna el Farall\u00f3n en el municipio de Actopan, y la cual sufri\u00f3 de severa sequ\u00eda durante los \u00faltimos meses, mencion\u00f3 que con presupuesto federal se har\u00e1 un dragado, restauraci\u00f3n y limpieza de canales.<\/p>\n\n\n\n<p>&#8220;El Farall\u00f3n, la CONAGUA nos ha autorizado un aprovechamiento de 8 pulgadas para conectarlo, restauraci\u00f3n, limpieza, en algunas partes dragado, las cunetas que se detectaron que el agua ya no llegaba a la laguna por la falta de limpieza de los canales&#8221;.&nbsp;<\/p>\n\n\n\n<p>Finalmente, sobre la solicitud del Ayuntamiento de Veracruz para dragar los cuerpos de agua del Sistema Lagunar Interdunario, aclar\u00f3 que no se tiene contemplado invertir en estos trabajos durante este 2022.<\/p>\n","protected":false},"excerpt":{"rendered":"<p>Alejandro \u00c1vila Veracruz, Ver.- En pr\u00f3ximos d\u00edas se iniciar\u00e1 con el rescate del Arroyo Moreno y la Laguna del Farall\u00f3n, donde se invertir\u00e1n 20 millones de pesos, inform\u00f3 el secretario de Medio Ambiente, Juan Carlos Contreras Bautista. El funcionario estatal detall\u00f3 que, en el caso de la zona protegida Arroyo Moreno, ser\u00e1n trabajos de limpieza [&hellip;]<\/p>\n","protected":false},"author":1,"featured_media":31389,"comment_status":"open","ping_status":"open","sticky":false,"template":"","format":"standard","meta":{"_jetpack_memberships_contains_paid_content":false,"footnotes":""},"categories":[2],"tags":[],"class_list":["post-31388","post","type-post","status-publish","format-standard","has-post-thumbnail","hentry","category-estado"],"jetpack_featured_media_url":"https:\/\/encuentroinformativo.com.mx\/wp-content\/uploads\/2022\/09\/E47EFEFB-056C-46E6-A6AC-C25BA007CCA1.jpeg","jetpack_sharing_enabled":true,"jetpack_likes_enabled":true,"amp_enabled":true,"_links":{"self":[{"href":"https:\/\/encuentroinformativo.com.mx\/index.php?rest_route=\/wp\/v2\/posts\/31388","targetHints":{"allow":["GET"]}}],"collection":[{"href":"https:\/\/encuentroinformativo.com.mx\/index.php?rest_route=\/wp\/v2\/posts"}],"about":[{"href":"https:\/\/encuentroinformativo.com.mx\/index.php?rest_route=\/wp\/v2\/types\/post"}],"author":[{"embeddable":true,"href":"https:\/\/encuentroinformativo.com.mx\/index.php?rest_route=\/wp\/v2\/users\/1"}],"replies":[{"embeddable":true,"href":"https:\/\/encuentroinformativo.com.mx\/index.php?rest_route=%2Fwp%2Fv2%2Fcomments&post=31388"}],"version-history":[{"count":1,"href":"https:\/\/encuentroinformativo.com.mx\/index.php?rest_route=\/wp\/v2\/posts\/31388\/revisions"}],"predecessor-version":[{"id":31390,"href":"https:\/\/encuentroinformativo.com.mx\/index.php?rest_route=\/wp\/v2\/posts\/31388\/revisions\/31390"}],"wp:featuredmedia":[{"embeddable":true,"href":"https:\/\/encuentroinformativo.com.mx\/index.php?rest_route=\/wp\/v2\/media\/31389"}],"wp:attachment":[{"href":"https:\/\/encuentroinformativo.com.mx\/index.php?rest_route=%2Fwp%2Fv2%2Fmedia&parent=31388"}],"wp:term":[{"taxonomy":"category","embeddable":true,"href":"https:\/\/encuentroinformativo.com.mx\/index.php?rest_route=%2Fwp%2Fv2%2Fcategories&post=31388"},{"taxonomy":"post_tag","embeddable":true,"href":"https:\/\/encuentroinformativo.com.mx\/index.php?rest_route=%2Fwp%2Fv2%2Ftags&post=31388"}],"curies":[{"name":"wp","href":"https:\/\/api.w.org\/{rel}","templated":true}]}}