{"id":31405,"date":"2022-09-07T12:18:09","date_gmt":"2022-09-07T17:18:09","guid":{"rendered":"https:\/\/encuentroinformativo.com.mx\/?p=31405"},"modified":"2022-09-07T12:18:13","modified_gmt":"2022-09-07T17:18:13","slug":"joven-de-aldea-del-dif-de-veracruz-ingreso-a-la-uv","status":"publish","type":"post","link":"https:\/\/encuentroinformativo.com.mx\/?p=31405","title":{"rendered":"Joven de Aldea del DIF de Veracruz ingres\u00f3 a la UV"},"content":{"rendered":"\n<p><strong>Alejandro \u00c1vila<\/strong><\/p>\n\n\n\n<p>Veracruz, Ver.- Un caso m\u00e1s de \u00e9xito se dio en los Aldea del DIF del municipio de Veracruz, pues uno de los j\u00f3venes que recientemente cumpli\u00f3 18 a\u00f1os, logr\u00f3 pasar el examen de la Universidad Veracruzana, inform\u00f3 la directora, X\u00f3chitl Arzaba Hern\u00e1ndez.<\/p>\n\n\n\n<p>Este chico, qui\u00e9n cursar\u00e1 la licenciatura en Educaci\u00f3n F\u00edsica, se suma Yosmar, qui\u00e9n en el 2019 logr\u00f3 ser parte de la Escuela N\u00e1utica Mercante &#8220;Fernando Siliceo&#8221;.<\/p>\n\n\n\n<p>&#8220;De hecho nosotros ingresando a esta administraci\u00f3n, tenemos ahorita en noviembre a nuestro primer chico que tenemos que reintegrar, la verdad es una satisfacci\u00f3n para nosotros, el chico sali\u00f3 excelente futbolista, y nos da mucho gusto compartir que al chico se le est\u00e1 apoyando, ingres\u00f3 a la Universidad Veracruzana, ya est\u00e1 estudiando una carrera, entonces queremos seguirlo apoyando (\u2026) seguimos todav\u00eda con el apoyo, \u00e9l sigue sacando muy buenas calificaciones &#8211; estudianate N\u00e1utica &#8211; y sigue estudiando. Entonces todos esos casos de \u00e9xito vamos a seguir, son casos, son ni\u00f1os DIF, son ni\u00f1os veracruzanos, y la prioridad que tenemos por parte de nuestra alcaldesa, es seguir apoyando a toda la ni\u00f1ez veracruzana&#8221;, apunt\u00f3.<\/p>\n\n\n\n<p>X\u00f3chil Arzaba dijo que se encuentran preparando, tanto acad\u00e9mica como laboralmente, a otros dos j\u00f3venes, un hombre y una mujer, los cuales en el 2023 cumplen la mayor\u00eda de edad.<\/p>\n\n\n\n<p>La funcionaria municipal detall\u00f3 que, al momento, en las Aldeas del DIF (divididas en ni\u00f1as y ni\u00f1os) del municipio de Veracruz se cuentan con 30 ni\u00f1os, en ellas laboran 190 personas, entre&nbsp; educadoras, enfermeras, nutri\u00f3logas, cocineras y psic\u00f3logos.<\/p>\n","protected":false},"excerpt":{"rendered":"<p>Alejandro \u00c1vila Veracruz, Ver.- Un caso m\u00e1s de \u00e9xito se dio en los Aldea del DIF del municipio de Veracruz, pues uno de los j\u00f3venes que recientemente cumpli\u00f3 18 a\u00f1os, logr\u00f3 pasar el examen de la Universidad Veracruzana, inform\u00f3 la directora, X\u00f3chitl Arzaba Hern\u00e1ndez. Este chico, qui\u00e9n cursar\u00e1 la licenciatura en Educaci\u00f3n F\u00edsica, se suma [&hellip;]<\/p>\n","protected":false},"author":1,"featured_media":31406,"comment_status":"open","ping_status":"open","sticky":false,"template":"","format":"standard","meta":{"_jetpack_memberships_contains_paid_content":false,"footnotes":""},"categories":[2],"tags":[],"class_list":["post-31405","post","type-post","status-publish","format-standard","has-post-thumbnail","hentry","category-estado"],"jetpack_featured_media_url":"https:\/\/encuentroinformativo.com.mx\/wp-content\/uploads\/2022\/09\/C7C4B028-8268-4EB4-B591-86E1819BD562.jpeg","jetpack_sharing_enabled":true,"jetpack_likes_enabled":true,"amp_enabled":true,"_links":{"self":[{"href":"https:\/\/encuentroinformativo.com.mx\/index.php?rest_route=\/wp\/v2\/posts\/31405","targetHints":{"allow":["GET"]}}],"collection":[{"href":"https:\/\/encuentroinformativo.com.mx\/index.php?rest_route=\/wp\/v2\/posts"}],"about":[{"href":"https:\/\/encuentroinformativo.com.mx\/index.php?rest_route=\/wp\/v2\/types\/post"}],"author":[{"embeddable":true,"href":"https:\/\/encuentroinformativo.com.mx\/index.php?rest_route=\/wp\/v2\/users\/1"}],"replies":[{"embeddable":true,"href":"https:\/\/encuentroinformativo.com.mx\/index.php?rest_route=%2Fwp%2Fv2%2Fcomments&post=31405"}],"version-history":[{"count":1,"href":"https:\/\/encuentroinformativo.com.mx\/index.php?rest_route=\/wp\/v2\/posts\/31405\/revisions"}],"predecessor-version":[{"id":31407,"href":"https:\/\/encuentroinformativo.com.mx\/index.php?rest_route=\/wp\/v2\/posts\/31405\/revisions\/31407"}],"wp:featuredmedia":[{"embeddable":true,"href":"https:\/\/encuentroinformativo.com.mx\/index.php?rest_route=\/wp\/v2\/media\/31406"}],"wp:attachment":[{"href":"https:\/\/encuentroinformativo.com.mx\/index.php?rest_route=%2Fwp%2Fv2%2Fmedia&parent=31405"}],"wp:term":[{"taxonomy":"category","embeddable":true,"href":"https:\/\/encuentroinformativo.com.mx\/index.php?rest_route=%2Fwp%2Fv2%2Fcategories&post=31405"},{"taxonomy":"post_tag","embeddable":true,"href":"https:\/\/encuentroinformativo.com.mx\/index.php?rest_route=%2Fwp%2Fv2%2Ftags&post=31405"}],"curies":[{"name":"wp","href":"https:\/\/api.w.org\/{rel}","templated":true}]}}