{"id":31411,"date":"2022-09-07T13:26:39","date_gmt":"2022-09-07T18:26:39","guid":{"rendered":"https:\/\/encuentroinformativo.com.mx\/?p=31411"},"modified":"2022-09-07T13:26:43","modified_gmt":"2022-09-07T18:26:43","slug":"desconoce-ssp-casos-de-policias-investigados-por-desaparicion-forzada","status":"publish","type":"post","link":"https:\/\/encuentroinformativo.com.mx\/?p=31411","title":{"rendered":"Desconoce SSP casos de polic\u00edas investigados por desaparici\u00f3n forzada"},"content":{"rendered":"\n<p><strong>Dar\u00edo Pale<\/strong><\/p>\n\n\n\n<p>Xalapa, Ver.- Desconoce si alg\u00fan ex mando o mando alto o medio de la dependencia a su cargo est\u00e1 siendo investigado por desaparici\u00f3n forzada, as\u00ed lo inform\u00f3 el Secretario de Seguridad P\u00fablica en Veracruz, Hugo Guti\u00e9rrez Maldonado.<\/p>\n\n\n\n<p>Entrevistado posterior a la guardia de honor en el monumento a Miguel Hidalgo, se\u00f1al\u00f3 que cuando lleg\u00f3 a hacerse cargo de dicha dependencia en la presente administraci\u00f3n p\u00fablica, no encontr\u00f3 ning\u00fan expediente abierto en el que se involucrara a alg\u00fan mando alto en el delito de desaparici\u00f3n forzada, especialmente el periodo de Javier Duarte de Ochoa.<\/p>\n\n\n\n<p>\u201cEl trabajo de asuntos internos era casi nulo en la Secretar\u00eda y todos esos delitos se denunciaron en alguna ocasi\u00f3n era en asuntos internos en aquel momento\u201d, se\u00f1al\u00f3.<\/p>\n\n\n\n<p>Recientemente la Fiscal\u00eda General del Estado difundi\u00f3 un comunicado en el que destaca que los expolic\u00edas Alejo \u201cN\u201d, Jes\u00fas Osiel \u201cN\u201d y Rosendo \u201cN\u201d, elementos de la SSP que pertenec\u00edan a la \u201cFuerza de Reacci\u00f3n\u201d y \u201cFuerza Especial\u201d, fueron sentenciados a 40 a\u00f1os.<\/p>\n\n\n\n<p>Al referirse si hab\u00eda expedientes o investigaciones, coment\u00f3 que a nivel interno la direcci\u00f3n de Asuntos Internos no operaba en la administraci\u00f3n de Javier Duarte, y no se investigaban las denuncias por desaparici\u00f3n forzada.<\/p>\n\n\n\n<p>\u201cNosotros cooperamos con todo lo que nos pide la Fiscal\u00eda, de repente nos piden los datos de los polic\u00edas, si todav\u00eda trabajan ah\u00ed y ellos son los responsables de fijar responsabilidad&#8221;, coment\u00f3.<\/p>\n\n\n\n<p>Dijo que cuando ellos llegaron no encontraron ninguna denuncia de ese tipo, por lo que coment\u00f3, \u201cya los temas de carpeta de investigaci\u00f3n le corresponde a la Fiscal\u00eda y no a uno, y si conociera esa informaci\u00f3n tendr\u00eda que guardar el sigilo&#8221;.<\/p>\n\n\n\n<p>En ese sentido, reiter\u00f3, que no podr\u00eda responder si alg\u00fan exfuncionario o funcionario de nivel alto o medio estaba involucrado en el delito de desaparici\u00f3n forzada.<\/p>\n\n\n\n<p>Es de recordar que, en el periodo de Javier Duarte de Ochoa, Colectivos de B\u00fasqueda denunciaron que altos mandos, incluidos el gobernador y el secretario de seguridad p\u00fablica, Arturo Berm\u00fadez Zurita estaban involucrados en la desaparici\u00f3n forzada.<\/p>\n\n\n\n<p>Cabe recordar que la Comisi\u00f3n Estatal de Derechos Humanos (CEDH), emiti\u00f3 varias recomendaciones por la participaci\u00f3n de polic\u00edas en la desaparici\u00f3n de personas.<\/p>\n\n\n\n<p>Finalmente se\u00f1al\u00f3 que, \u201cnosotros no vamos a andar solapando ni abusos ni delitos, quienes cometen delitos eran puestos a disposici\u00f3n de la Fiscal\u00eda y ante la comisi\u00f3n de honor y justicia\u201d.<\/p>\n","protected":false},"excerpt":{"rendered":"<p>Dar\u00edo Pale Xalapa, Ver.- Desconoce si alg\u00fan ex mando o mando alto o medio de la dependencia a su cargo est\u00e1 siendo investigado por desaparici\u00f3n forzada, as\u00ed lo inform\u00f3 el Secretario de Seguridad P\u00fablica en Veracruz, Hugo Guti\u00e9rrez Maldonado. Entrevistado posterior a la guardia de honor en el monumento a Miguel Hidalgo, se\u00f1al\u00f3 que cuando [&hellip;]<\/p>\n","protected":false},"author":1,"featured_media":31412,"comment_status":"open","ping_status":"open","sticky":false,"template":"","format":"standard","meta":{"_jetpack_memberships_contains_paid_content":false,"footnotes":""},"categories":[2],"tags":[],"class_list":["post-31411","post","type-post","status-publish","format-standard","has-post-thumbnail","hentry","category-estado"],"jetpack_featured_media_url":"https:\/\/encuentroinformativo.com.mx\/wp-content\/uploads\/2022\/09\/6E6F1C37-22A2-42DD-B4B3-F27C230008CD.jpeg","jetpack_sharing_enabled":true,"jetpack_likes_enabled":true,"amp_enabled":true,"_links":{"self":[{"href":"https:\/\/encuentroinformativo.com.mx\/index.php?rest_route=\/wp\/v2\/posts\/31411","targetHints":{"allow":["GET"]}}],"collection":[{"href":"https:\/\/encuentroinformativo.com.mx\/index.php?rest_route=\/wp\/v2\/posts"}],"about":[{"href":"https:\/\/encuentroinformativo.com.mx\/index.php?rest_route=\/wp\/v2\/types\/post"}],"author":[{"embeddable":true,"href":"https:\/\/encuentroinformativo.com.mx\/index.php?rest_route=\/wp\/v2\/users\/1"}],"replies":[{"embeddable":true,"href":"https:\/\/encuentroinformativo.com.mx\/index.php?rest_route=%2Fwp%2Fv2%2Fcomments&post=31411"}],"version-history":[{"count":1,"href":"https:\/\/encuentroinformativo.com.mx\/index.php?rest_route=\/wp\/v2\/posts\/31411\/revisions"}],"predecessor-version":[{"id":31413,"href":"https:\/\/encuentroinformativo.com.mx\/index.php?rest_route=\/wp\/v2\/posts\/31411\/revisions\/31413"}],"wp:featuredmedia":[{"embeddable":true,"href":"https:\/\/encuentroinformativo.com.mx\/index.php?rest_route=\/wp\/v2\/media\/31412"}],"wp:attachment":[{"href":"https:\/\/encuentroinformativo.com.mx\/index.php?rest_route=%2Fwp%2Fv2%2Fmedia&parent=31411"}],"wp:term":[{"taxonomy":"category","embeddable":true,"href":"https:\/\/encuentroinformativo.com.mx\/index.php?rest_route=%2Fwp%2Fv2%2Fcategories&post=31411"},{"taxonomy":"post_tag","embeddable":true,"href":"https:\/\/encuentroinformativo.com.mx\/index.php?rest_route=%2Fwp%2Fv2%2Ftags&post=31411"}],"curies":[{"name":"wp","href":"https:\/\/api.w.org\/{rel}","templated":true}]}}