{"id":3142,"date":"2020-06-06T15:37:50","date_gmt":"2020-06-06T20:37:50","guid":{"rendered":"https:\/\/encuentroinformativo.com\/?p=3142"},"modified":"2020-06-06T15:37:53","modified_gmt":"2020-06-06T20:37:53","slug":"destituye-sev-a-funcionario-involucrado-en-accidente-de-tatahuicapan","status":"publish","type":"post","link":"https:\/\/encuentroinformativo.com.mx\/?p=3142","title":{"rendered":"Destituye SEV a funcionario involucrado en accidente de Tatahuicapan"},"content":{"rendered":"\n<p><strong>Dar\u00edo Pale <\/strong><\/p>\n\n\n\n<p>Xalapa, Ver.- Mediante un comunicado emitido por la Secretaria de Educaci\u00f3n de Veracruz (SEV), dieron a conocer que fue destituido de su cargo Celerino \u201cN\u201d, donde era Director de Educaci\u00f3n Ind\u00edgena de dicha dependencia, esto debido al accidente que ocasion\u00f3 el d\u00eda de ayer por la noche en el municipio de Tatahuicapan donde provoc\u00f3 la muerte de una persona.<\/p>\n\n\n\n<p>El accidente se registr\u00f3 aproximadamente a las 20:30 horas del d\u00eda de ayer cuando conduc\u00eda una camioneta negra en estado de ebriedad con placas de circulaci\u00f3n XW92060 la cual incrust\u00f3 en una panader\u00eda donde mat\u00f3 a la joven Dominga Castillo Luis de 20 a\u00f1os de edad.<\/p>\n\n\n\n<p>Por lo anterior y debido a que los polic\u00edas municipales apoyaron al funcionario, molest\u00f3  a los habitantes de Tatahuicapan como medida de presi\u00f3n causaron destrozos y quemaron veh\u00edculos propiedad del ayuntamiento local para exigir justicia por el homicidio de la joven Dominga Castillo Luis, de 20 a\u00f1os de edad, y las lesiones causadas a Francisco Sim\u00f3n Alejandro, de 19 a\u00f1os, por parte de Celerino \u201cN\u201d.<\/p>\n\n\n\n<p>M\u00e1s de mil personas se manifestaron frente al Palacio Municipal porque deseaban tambi\u00e9n hacerse justicia por propia mano pensando que el causante del accidente se encontraba en los separos de la polic\u00eda municipal.<\/p>\n\n\n\n<p>La Fiscal\u00eda General del Estado inform\u00f3 que mantiene bajo resguardo a Celerino \u201cN\u201d por su probable responsabilidad de los delitos de homicidio culposo de una mujer y lesiones de un hombre.<\/p>\n\n\n\n<p>El hecho ocurri\u00f3 en la calle Miguel Hidalgo y Venustiano Carranza, Barrio 3 en Tatahuicapan la noche de ayer viernes, por lo que desde el primer momento en que se tuvo conocimiento del hecho, polic\u00edas ministeriales, peritos y fiscales se trasladaron al lugar e iniciaron las correspondientes diligencias.<\/p>\n\n\n\n<p>Celerino \u201cN\u201d se encuentra en calidad de detenido y en las pr\u00f3ximas horas se definir\u00e1 su situaci\u00f3n jur\u00eddica por el juez de control correspondiente, dentro del plazo constitucional.<\/p>\n\n\n\n<p>La detenci\u00f3n de Celerino \u201cN\u201d, quien se desempe\u00f1a como director de Educaci\u00f3n Ind\u00edgena en el Estado de Veracruz, se da despu\u00e9s de que atropell\u00f3 y mat\u00f3 una joven mujer quien se encontraba vendiendo pan en compa\u00f1\u00eda de su pap\u00e1, y tambi\u00e9n lesion\u00f3 a Francisco Sim\u00f3n Alejandro, de 19 a\u00f1os, conductor de mototaxi.<\/p>\n\n\n\n<p>Al enterarse los habitantes de Tatahuicapan de lo sucedido, se congregaron frente al Palacio municipal para exigir justicia por la joven fallecida y el joven lesionado, y porque pensaron que el causante del accidente se encontraba en los separos de la polic\u00eda municipal, pero al no encontrarlo ni tener respuesta de la autoridad se encolerizaron y ocasionaron destrozos al edificio y quemaron veh\u00edculos propiedad del ayuntamiento.<\/p>\n\n\n\n<p>Por \u00faltimo cabe se\u00f1alar que Celerino \u201cN\u201d es t\u00edo del alcalde de Tatahuicapan, y luego del incidente fue trasladado a la Delegaci\u00f3n de la Secretar\u00eda de Seguridad P\u00fablica en Acayucan, donde posteriormente fue puesto a disposici\u00f3n de la autoridad correspondiente, hoy los pobladores de Tatahuicapan se encuentran reunidos frente al palacio municipal en espera de respuestas positivas.<\/p>\n\n\n\n<p><\/p>\n","protected":false},"excerpt":{"rendered":"<p>Dar\u00edo Pale Xalapa, Ver.- Mediante un comunicado emitido por la Secretaria de Educaci\u00f3n de Veracruz (SEV), dieron a conocer que fue destituido de su cargo Celerino \u201cN\u201d, donde era Director de Educaci\u00f3n Ind\u00edgena de dicha dependencia, esto debido al accidente que ocasion\u00f3 el d\u00eda de ayer por la noche en el municipio de Tatahuicapan donde [&hellip;]<\/p>\n","protected":false},"author":1,"featured_media":3143,"comment_status":"open","ping_status":"open","sticky":false,"template":"","format":"standard","meta":{"_jetpack_memberships_contains_paid_content":false,"footnotes":""},"categories":[2],"tags":[],"class_list":["post-3142","post","type-post","status-publish","format-standard","has-post-thumbnail","hentry","category-estado"],"jetpack_featured_media_url":"https:\/\/encuentroinformativo.com.mx\/wp-content\/uploads\/2020\/06\/F93734D2-AF8C-42F7-ACDD-37D86D84B2DE.jpeg","jetpack_sharing_enabled":true,"jetpack_likes_enabled":true,"amp_enabled":true,"_links":{"self":[{"href":"https:\/\/encuentroinformativo.com.mx\/index.php?rest_route=\/wp\/v2\/posts\/3142","targetHints":{"allow":["GET"]}}],"collection":[{"href":"https:\/\/encuentroinformativo.com.mx\/index.php?rest_route=\/wp\/v2\/posts"}],"about":[{"href":"https:\/\/encuentroinformativo.com.mx\/index.php?rest_route=\/wp\/v2\/types\/post"}],"author":[{"embeddable":true,"href":"https:\/\/encuentroinformativo.com.mx\/index.php?rest_route=\/wp\/v2\/users\/1"}],"replies":[{"embeddable":true,"href":"https:\/\/encuentroinformativo.com.mx\/index.php?rest_route=%2Fwp%2Fv2%2Fcomments&post=3142"}],"version-history":[{"count":1,"href":"https:\/\/encuentroinformativo.com.mx\/index.php?rest_route=\/wp\/v2\/posts\/3142\/revisions"}],"predecessor-version":[{"id":3144,"href":"https:\/\/encuentroinformativo.com.mx\/index.php?rest_route=\/wp\/v2\/posts\/3142\/revisions\/3144"}],"wp:featuredmedia":[{"embeddable":true,"href":"https:\/\/encuentroinformativo.com.mx\/index.php?rest_route=\/wp\/v2\/media\/3143"}],"wp:attachment":[{"href":"https:\/\/encuentroinformativo.com.mx\/index.php?rest_route=%2Fwp%2Fv2%2Fmedia&parent=3142"}],"wp:term":[{"taxonomy":"category","embeddable":true,"href":"https:\/\/encuentroinformativo.com.mx\/index.php?rest_route=%2Fwp%2Fv2%2Fcategories&post=3142"},{"taxonomy":"post_tag","embeddable":true,"href":"https:\/\/encuentroinformativo.com.mx\/index.php?rest_route=%2Fwp%2Fv2%2Ftags&post=3142"}],"curies":[{"name":"wp","href":"https:\/\/api.w.org\/{rel}","templated":true}]}}