{"id":31425,"date":"2022-09-07T14:44:34","date_gmt":"2022-09-07T19:44:34","guid":{"rendered":"https:\/\/encuentroinformativo.com.mx\/?p=31425"},"modified":"2022-09-07T14:44:38","modified_gmt":"2022-09-07T19:44:38","slug":"habitantes-de-comunidades-indigenas-piden-dialogo-con-el-gobernador","status":"publish","type":"post","link":"https:\/\/encuentroinformativo.com.mx\/?p=31425","title":{"rendered":"Habitantes de comunidades ind\u00edgenas piden di\u00e1logo con el Gobernador"},"content":{"rendered":"\n<p><strong>Juan Arcos<\/strong><\/p>\n\n\n\n<p>Xalapa, Ver.- Ind\u00edgenas chinantecos del municipio de Uxpanapa solicitaron una audiencia con el gobernador de Veracruz, Cuitl\u00e1huac Garc\u00eda Jim\u00e9nez, pues aseguran que sus comunidades est\u00e1n \u201colvidadas\u201d y han sido discriminadas.<\/p>\n\n\n\n<p>De acuerdo con Pedro Moreno Cobo, dirigente de la organizaci\u00f3n Pueblos Ind\u00edgenas Campesinos de Uxpanapa, los pueblos originarios no han sido tomados en cuenta para gobernar ni asumir cargos pol\u00edticos en la entidad.<\/p>\n\n\n\n<p>\u201cQueremos que tambi\u00e9n haya un decreto en la c\u00e1mara de diputados donde se respeten nuestros derechos de que nosotros tambi\u00e9n podemos gobernar, no nada m\u00e1s la gente que tenga dinero\u201d, expres\u00f3.<\/p>\n\n\n\n<p>Tambi\u00e9n hizo un llamado al presidente de la Rep\u00fablica Mexicana, Andr\u00e9s Manuel L\u00f3pez Obrador, para que las comunidades ind\u00edgenas sean tomadas en cuenta y accedan a beneficios.<\/p>\n\n\n\n<p>Uxpana cuenta con 132 comunidades con aproximadamente 50 o 60 mil habitantes, donde algunas zonas carecen de servicios b\u00e1sicos.<\/p>\n\n\n\n<p>\u201cHemos tocado puertas y no ha escuchado el gobierno, entonces queremos plantear al Gobernador cu\u00e1l es el camino para salir adelante\u201d, agreg\u00f3 Moreno Cobo.<\/p>\n\n\n\n<p>El gobernador Cuitl\u00e1huac Garc\u00eda Jim\u00e9nez solo ha visitado una vez este municipio en el a\u00f1o 2019, mismo que se encuentra a unas ocho horas de distancia en veh\u00edculo particular desde la ciudad de Xalapa.<\/p>\n\n\n\n<p>\u201cUna sola vez nos ha visitado el se\u00f1or Gobernador, por eso yo digo que nosotros como ind\u00edgenas estamos olvidados en esa zona\u201d, finaliz\u00f3 el dirigente de la organizaci\u00f3n Pueblos Ind\u00edgenas Campesinos de Uxpanapa.<\/p>\n","protected":false},"excerpt":{"rendered":"<p>Juan Arcos Xalapa, Ver.- Ind\u00edgenas chinantecos del municipio de Uxpanapa solicitaron una audiencia con el gobernador de Veracruz, Cuitl\u00e1huac Garc\u00eda Jim\u00e9nez, pues aseguran que sus comunidades est\u00e1n \u201colvidadas\u201d y han sido discriminadas. De acuerdo con Pedro Moreno Cobo, dirigente de la organizaci\u00f3n Pueblos Ind\u00edgenas Campesinos de Uxpanapa, los pueblos originarios no han sido tomados en [&hellip;]<\/p>\n","protected":false},"author":1,"featured_media":31426,"comment_status":"open","ping_status":"open","sticky":false,"template":"","format":"standard","meta":{"_jetpack_memberships_contains_paid_content":false,"footnotes":""},"categories":[2],"tags":[],"class_list":["post-31425","post","type-post","status-publish","format-standard","has-post-thumbnail","hentry","category-estado"],"jetpack_featured_media_url":"https:\/\/encuentroinformativo.com.mx\/wp-content\/uploads\/2022\/09\/782262FA-2C94-4C9E-A69A-45D161D09682.jpeg","jetpack_sharing_enabled":true,"jetpack_likes_enabled":true,"amp_enabled":true,"_links":{"self":[{"href":"https:\/\/encuentroinformativo.com.mx\/index.php?rest_route=\/wp\/v2\/posts\/31425","targetHints":{"allow":["GET"]}}],"collection":[{"href":"https:\/\/encuentroinformativo.com.mx\/index.php?rest_route=\/wp\/v2\/posts"}],"about":[{"href":"https:\/\/encuentroinformativo.com.mx\/index.php?rest_route=\/wp\/v2\/types\/post"}],"author":[{"embeddable":true,"href":"https:\/\/encuentroinformativo.com.mx\/index.php?rest_route=\/wp\/v2\/users\/1"}],"replies":[{"embeddable":true,"href":"https:\/\/encuentroinformativo.com.mx\/index.php?rest_route=%2Fwp%2Fv2%2Fcomments&post=31425"}],"version-history":[{"count":1,"href":"https:\/\/encuentroinformativo.com.mx\/index.php?rest_route=\/wp\/v2\/posts\/31425\/revisions"}],"predecessor-version":[{"id":31427,"href":"https:\/\/encuentroinformativo.com.mx\/index.php?rest_route=\/wp\/v2\/posts\/31425\/revisions\/31427"}],"wp:featuredmedia":[{"embeddable":true,"href":"https:\/\/encuentroinformativo.com.mx\/index.php?rest_route=\/wp\/v2\/media\/31426"}],"wp:attachment":[{"href":"https:\/\/encuentroinformativo.com.mx\/index.php?rest_route=%2Fwp%2Fv2%2Fmedia&parent=31425"}],"wp:term":[{"taxonomy":"category","embeddable":true,"href":"https:\/\/encuentroinformativo.com.mx\/index.php?rest_route=%2Fwp%2Fv2%2Fcategories&post=31425"},{"taxonomy":"post_tag","embeddable":true,"href":"https:\/\/encuentroinformativo.com.mx\/index.php?rest_route=%2Fwp%2Fv2%2Ftags&post=31425"}],"curies":[{"name":"wp","href":"https:\/\/api.w.org\/{rel}","templated":true}]}}