{"id":31428,"date":"2022-09-07T18:00:54","date_gmt":"2022-09-07T23:00:54","guid":{"rendered":"https:\/\/encuentroinformativo.com.mx\/?p=31428"},"modified":"2022-09-07T18:00:57","modified_gmt":"2022-09-07T23:00:57","slug":"pc-se-mantiene-en-alerta-por-lluvias-en-xalapa","status":"publish","type":"post","link":"https:\/\/encuentroinformativo.com.mx\/?p=31428","title":{"rendered":"PC se mantiene en alerta por lluvias en Xalapa"},"content":{"rendered":"\n<p><strong>Dar\u00edo Pale<\/strong><\/p>\n\n\n\n<p>Xalapa, Ver.- El director de Protecci\u00f3n Civil Municipal Luis Sardi\u00f1a Salgado dio a conocer que la tarde de este mi\u00e9rcoles se registr\u00f3 una lluvia torrencial en la ciudad de Xalapa que provoc\u00f3 que se desbordara los r\u00edos Carneros y el Papas.<\/p>\n\n\n\n<p>En entrevista se\u00f1al\u00f3 que encabez\u00f3 los operativos para atender cualquier emergencia e inform\u00f3 que hasta ahora no hay reporte de afectaci\u00f3n a la poblaci\u00f3n ni a las viviendas.<\/p>\n\n\n\n<p>\u201cHemos tenido una lluvia puntual fuerte, torrencial, que efectivamente tenemos desbordamiento del r\u00edo Carneros y el r\u00edo Papas; sin embargo, hemos estado muy atentos y estamos en las zonas operando la emergencia para cualquier situaci\u00f3n y salvaguardar a la poblaci\u00f3n&#8230;estamos atentos y en recorridos, no tenemos vidas que lamentar y por otro lado no tenemos viviendas afectadas\u201d, se\u00f1al\u00f3.<\/p>\n\n\n\n<p>Dijo que la principal recomendaci\u00f3n a la poblaci\u00f3n es no cruzar las calles cuando hay anegamientos o inundaciones, ya que pueden poner en riesgo su vida o la de sus acompa\u00f1antes.<\/p>\n\n\n\n<p>Finalmente dio a conocer que ya se realizan los trabajos de desazolve y limpieza y se mantiene la alerta en esta capital por el temporal de lluvia.<\/p>\n","protected":false},"excerpt":{"rendered":"<p>Dar\u00edo Pale Xalapa, Ver.- El director de Protecci\u00f3n Civil Municipal Luis Sardi\u00f1a Salgado dio a conocer que la tarde de este mi\u00e9rcoles se registr\u00f3 una lluvia torrencial en la ciudad de Xalapa que provoc\u00f3 que se desbordara los r\u00edos Carneros y el Papas. En entrevista se\u00f1al\u00f3 que encabez\u00f3 los operativos para atender cualquier emergencia e [&hellip;]<\/p>\n","protected":false},"author":1,"featured_media":31429,"comment_status":"open","ping_status":"open","sticky":false,"template":"","format":"standard","meta":{"_jetpack_memberships_contains_paid_content":false,"footnotes":""},"categories":[3],"tags":[],"class_list":["post-31428","post","type-post","status-publish","format-standard","has-post-thumbnail","hentry","category-xalapa"],"jetpack_featured_media_url":"https:\/\/encuentroinformativo.com.mx\/wp-content\/uploads\/2022\/09\/FE24D04B-35A3-49E7-B68A-5A3E32EBA57B.jpeg","jetpack_sharing_enabled":true,"jetpack_likes_enabled":true,"amp_enabled":true,"_links":{"self":[{"href":"https:\/\/encuentroinformativo.com.mx\/index.php?rest_route=\/wp\/v2\/posts\/31428","targetHints":{"allow":["GET"]}}],"collection":[{"href":"https:\/\/encuentroinformativo.com.mx\/index.php?rest_route=\/wp\/v2\/posts"}],"about":[{"href":"https:\/\/encuentroinformativo.com.mx\/index.php?rest_route=\/wp\/v2\/types\/post"}],"author":[{"embeddable":true,"href":"https:\/\/encuentroinformativo.com.mx\/index.php?rest_route=\/wp\/v2\/users\/1"}],"replies":[{"embeddable":true,"href":"https:\/\/encuentroinformativo.com.mx\/index.php?rest_route=%2Fwp%2Fv2%2Fcomments&post=31428"}],"version-history":[{"count":1,"href":"https:\/\/encuentroinformativo.com.mx\/index.php?rest_route=\/wp\/v2\/posts\/31428\/revisions"}],"predecessor-version":[{"id":31430,"href":"https:\/\/encuentroinformativo.com.mx\/index.php?rest_route=\/wp\/v2\/posts\/31428\/revisions\/31430"}],"wp:featuredmedia":[{"embeddable":true,"href":"https:\/\/encuentroinformativo.com.mx\/index.php?rest_route=\/wp\/v2\/media\/31429"}],"wp:attachment":[{"href":"https:\/\/encuentroinformativo.com.mx\/index.php?rest_route=%2Fwp%2Fv2%2Fmedia&parent=31428"}],"wp:term":[{"taxonomy":"category","embeddable":true,"href":"https:\/\/encuentroinformativo.com.mx\/index.php?rest_route=%2Fwp%2Fv2%2Fcategories&post=31428"},{"taxonomy":"post_tag","embeddable":true,"href":"https:\/\/encuentroinformativo.com.mx\/index.php?rest_route=%2Fwp%2Fv2%2Ftags&post=31428"}],"curies":[{"name":"wp","href":"https:\/\/api.w.org\/{rel}","templated":true}]}}