{"id":31431,"date":"2022-09-07T18:05:30","date_gmt":"2022-09-07T23:05:30","guid":{"rendered":"https:\/\/encuentroinformativo.com.mx\/?p=31431"},"modified":"2022-09-07T18:05:34","modified_gmt":"2022-09-07T23:05:34","slug":"evitan-nahle-y-bartlett-hablar-de-reclasificacion-de-tarifas-de-luz-en-veracruz","status":"publish","type":"post","link":"https:\/\/encuentroinformativo.com.mx\/?p=31431","title":{"rendered":"Evitan Nahle y Bartlett hablar de reclasificaci\u00f3n de tarifas de luz en Veracruz"},"content":{"rendered":"\n<p><strong>Alejandro \u00c1vila<\/strong><\/p>\n\n\n\n<p>Boca del R\u00edo, Ver.- La secretaria de Energ\u00eda, Roc\u00edo Nahle Garc\u00eda y el director general CFE, Manuel Bartlett D\u00edaz, evitaron hablar sobre la reclasificaci\u00f3n de tarifas de luz en el estado de Veracruz.<\/p>\n\n\n\n<p>Durante la rueda de prensa que ofrecieron previo al Cuarto Congreso de Energ\u00eda organizado por la zacatecana, en el World Trade Center de Boca del R\u00edo, la funcionaria Federal evit\u00f3 dar alg\u00fan detalle sobre una posible reclasificaci\u00f3n de tarifas de luz en la entidad veracruzana.<\/p>\n\n\n\n<p>\u00bfNos puede hablar de la reclasificaci\u00f3n de tarifas?, cu\u00e1ndo fue candidata a Senadora fue una promesa que hizo para Veracruz, llega muy caro el recibo, \u00bfpara cu\u00e1ndo estar\u00eda igual que se le hizo en Tabasco?, cuestion\u00f3 una reportera.<\/p>\n\n\n\n<p>&#8221; A ver, vamos a tener este Congreso que son varios d\u00edas, felicitar a Gobernador por esta convocatoria en este Congreso, y precisamente, el que est\u00e9 aqu\u00ed el director de la CFE, que va a tener una exposici\u00f3n en este Congreso muy amplia, de c\u00f3mo se califica y c\u00f3mo se valoran las tarifas el\u00e9ctricas en M\u00e9xico, a diferencia de c\u00f3mo est\u00e1n en otras partes del mundo, y cu\u00e1nto le est\u00e1n costando el pa\u00eds&#8221;, dijo Roc\u00edo Nahle, s\u00ed finalmente responder la pregunta.<\/p>\n\n\n\n<p>Posteriormente, la funcionaria Federal invito a los medios de comunicaci\u00f3n escuchar las ponencias de los expositores; y se levant\u00f3 de su asiento para abandonar el recinto y no responder m\u00e1s a los reporteros.<\/p>\n\n\n\n<p>Por su parte, Manuel Bartlett qui\u00e9n fue emboscado por la prensa jarocha, se limit\u00f3 a responder a los reporteros, &#8220;\u00bfte preocupa el tema de tarifas?, ya te invito la secretaria, va a haber un evento&#8221;, y huy\u00f3 del sal\u00f3n Olmeca en el WTC de Boca del R\u00edo.<\/p>\n","protected":false},"excerpt":{"rendered":"<p>Alejandro \u00c1vila Boca del R\u00edo, Ver.- La secretaria de Energ\u00eda, Roc\u00edo Nahle Garc\u00eda y el director general CFE, Manuel Bartlett D\u00edaz, evitaron hablar sobre la reclasificaci\u00f3n de tarifas de luz en el estado de Veracruz. Durante la rueda de prensa que ofrecieron previo al Cuarto Congreso de Energ\u00eda organizado por la zacatecana, en el World [&hellip;]<\/p>\n","protected":false},"author":1,"featured_media":31432,"comment_status":"open","ping_status":"open","sticky":false,"template":"","format":"standard","meta":{"_jetpack_memberships_contains_paid_content":false,"footnotes":""},"categories":[2],"tags":[],"class_list":["post-31431","post","type-post","status-publish","format-standard","has-post-thumbnail","hentry","category-estado"],"jetpack_featured_media_url":"https:\/\/encuentroinformativo.com.mx\/wp-content\/uploads\/2022\/09\/8D7DFAAA-C839-4A7E-8824-7C1FF35266BF.jpeg","jetpack_sharing_enabled":true,"jetpack_likes_enabled":true,"amp_enabled":true,"_links":{"self":[{"href":"https:\/\/encuentroinformativo.com.mx\/index.php?rest_route=\/wp\/v2\/posts\/31431","targetHints":{"allow":["GET"]}}],"collection":[{"href":"https:\/\/encuentroinformativo.com.mx\/index.php?rest_route=\/wp\/v2\/posts"}],"about":[{"href":"https:\/\/encuentroinformativo.com.mx\/index.php?rest_route=\/wp\/v2\/types\/post"}],"author":[{"embeddable":true,"href":"https:\/\/encuentroinformativo.com.mx\/index.php?rest_route=\/wp\/v2\/users\/1"}],"replies":[{"embeddable":true,"href":"https:\/\/encuentroinformativo.com.mx\/index.php?rest_route=%2Fwp%2Fv2%2Fcomments&post=31431"}],"version-history":[{"count":1,"href":"https:\/\/encuentroinformativo.com.mx\/index.php?rest_route=\/wp\/v2\/posts\/31431\/revisions"}],"predecessor-version":[{"id":31433,"href":"https:\/\/encuentroinformativo.com.mx\/index.php?rest_route=\/wp\/v2\/posts\/31431\/revisions\/31433"}],"wp:featuredmedia":[{"embeddable":true,"href":"https:\/\/encuentroinformativo.com.mx\/index.php?rest_route=\/wp\/v2\/media\/31432"}],"wp:attachment":[{"href":"https:\/\/encuentroinformativo.com.mx\/index.php?rest_route=%2Fwp%2Fv2%2Fmedia&parent=31431"}],"wp:term":[{"taxonomy":"category","embeddable":true,"href":"https:\/\/encuentroinformativo.com.mx\/index.php?rest_route=%2Fwp%2Fv2%2Fcategories&post=31431"},{"taxonomy":"post_tag","embeddable":true,"href":"https:\/\/encuentroinformativo.com.mx\/index.php?rest_route=%2Fwp%2Fv2%2Ftags&post=31431"}],"curies":[{"name":"wp","href":"https:\/\/api.w.org\/{rel}","templated":true}]}}