{"id":31436,"date":"2022-09-08T11:07:43","date_gmt":"2022-09-08T16:07:43","guid":{"rendered":"https:\/\/encuentroinformativo.com.mx\/?p=31436"},"modified":"2022-09-08T11:07:47","modified_gmt":"2022-09-08T16:07:47","slug":"avanza-construccion-de-nuevo-pozo-de-agua-en-alvarado","status":"publish","type":"post","link":"https:\/\/encuentroinformativo.com.mx\/?p=31436","title":{"rendered":"Avanza construcci\u00f3n de nuevo pozo de agua en Alvarado"},"content":{"rendered":"\n<p><strong>Alejandro \u00c1vila<\/strong><\/p>\n\n\n\n<p>Alvarado, Ver.- El nuevo pozo de agua que abastecer\u00e1 a m\u00e1s de 6 colonias de la cabecera municipal de Alvarado, lleva un avance del 80 por ciento, inform\u00f3 la alcaldesa, Lizzette \u00c1lvarez Vera.<\/p>\n\n\n\n<p>La edil record\u00f3 este terreno fue donado por el Ayuntamientoa la CAEV, el nuevo pozo se ubicar\u00e1 en un espacio adyacente al deportivo &#8220;Miguel Alem\u00e1n&#8221;.<\/p>\n\n\n\n<p>&#8220;Ya el pozo est\u00e1 construido, en este momento nos encontramos ya en la parte de la electrificaci\u00f3n del pozo, lo que es el transformador, pero ya en este momento se tiene bastante avance (\u2026) pensamos que sea un legado de nuestra primera administraci\u00f3n, ya que estamos trabajando de la mano con CAEV, y ellos por su parte y nosotros apoyandolos en todo momento, en la mano de obra, en todo lo que se necesita, porque el problema de los ciudadanos alvarade\u00f1os del agua tambi\u00e9n le interesa al Ayuntamiento, tambi\u00e9n estamos preocupados porque nuestros ciudadanos tengan un excelente servicio de agua, ya se hicieron las pruebas del pozo y est\u00e1 trabajando todo muy bien, todo en orden&#8221;, puntualiz\u00f3 \u00c1lvarez Vera.<\/p>\n\n\n\n<p>Cabe mencionar qu\u00e9, los problemas de abastecimiento de agua en la cabecera municipal llevan m\u00e1s de 2 a\u00f1os; cuando el Pozo 3, ubicado en la calle Joaqu\u00edn Mart\u00ednez entre Aldama y Nezahualc\u00f3yotl sufri\u00f3 ruptura de su bomba, afectando a cerca de 1200 familias de las colonias del centro.<\/p>\n\n\n\n<p>&#8220;Este pozo que se encuentra ya ubicado en el deportivo Miguel Alem\u00e1n, surte principalmente en la colonia Centro, son varias calles, es una extensa parte de la poblaci\u00f3n de la zona centro qu\u00e9 se encuentra afectada y que no cuenta con el vital l\u00edquido. Hemos estado apoyando con pipas de agua, con CAEV de la mano, pero pues no es suficiente, queremos que el servicio sea \u00f3ptimo y que los ciudadanos de Alvarado se sientan atendidos&#8221;, remat\u00f3.<\/p>\n","protected":false},"excerpt":{"rendered":"<p>Alejandro \u00c1vila Alvarado, Ver.- El nuevo pozo de agua que abastecer\u00e1 a m\u00e1s de 6 colonias de la cabecera municipal de Alvarado, lleva un avance del 80 por ciento, inform\u00f3 la alcaldesa, Lizzette \u00c1lvarez Vera. La edil record\u00f3 este terreno fue donado por el Ayuntamientoa la CAEV, el nuevo pozo se ubicar\u00e1 en un espacio [&hellip;]<\/p>\n","protected":false},"author":1,"featured_media":31437,"comment_status":"open","ping_status":"open","sticky":false,"template":"","format":"standard","meta":{"_jetpack_memberships_contains_paid_content":false,"footnotes":""},"categories":[2],"tags":[],"class_list":["post-31436","post","type-post","status-publish","format-standard","has-post-thumbnail","hentry","category-estado"],"jetpack_featured_media_url":"https:\/\/encuentroinformativo.com.mx\/wp-content\/uploads\/2022\/09\/09C612AB-4CF2-495C-AA41-B3CD51052BCB.jpeg","jetpack_sharing_enabled":true,"jetpack_likes_enabled":true,"amp_enabled":true,"_links":{"self":[{"href":"https:\/\/encuentroinformativo.com.mx\/index.php?rest_route=\/wp\/v2\/posts\/31436","targetHints":{"allow":["GET"]}}],"collection":[{"href":"https:\/\/encuentroinformativo.com.mx\/index.php?rest_route=\/wp\/v2\/posts"}],"about":[{"href":"https:\/\/encuentroinformativo.com.mx\/index.php?rest_route=\/wp\/v2\/types\/post"}],"author":[{"embeddable":true,"href":"https:\/\/encuentroinformativo.com.mx\/index.php?rest_route=\/wp\/v2\/users\/1"}],"replies":[{"embeddable":true,"href":"https:\/\/encuentroinformativo.com.mx\/index.php?rest_route=%2Fwp%2Fv2%2Fcomments&post=31436"}],"version-history":[{"count":1,"href":"https:\/\/encuentroinformativo.com.mx\/index.php?rest_route=\/wp\/v2\/posts\/31436\/revisions"}],"predecessor-version":[{"id":31438,"href":"https:\/\/encuentroinformativo.com.mx\/index.php?rest_route=\/wp\/v2\/posts\/31436\/revisions\/31438"}],"wp:featuredmedia":[{"embeddable":true,"href":"https:\/\/encuentroinformativo.com.mx\/index.php?rest_route=\/wp\/v2\/media\/31437"}],"wp:attachment":[{"href":"https:\/\/encuentroinformativo.com.mx\/index.php?rest_route=%2Fwp%2Fv2%2Fmedia&parent=31436"}],"wp:term":[{"taxonomy":"category","embeddable":true,"href":"https:\/\/encuentroinformativo.com.mx\/index.php?rest_route=%2Fwp%2Fv2%2Fcategories&post=31436"},{"taxonomy":"post_tag","embeddable":true,"href":"https:\/\/encuentroinformativo.com.mx\/index.php?rest_route=%2Fwp%2Fv2%2Ftags&post=31436"}],"curies":[{"name":"wp","href":"https:\/\/api.w.org\/{rel}","templated":true}]}}