{"id":31445,"date":"2022-09-08T12:17:42","date_gmt":"2022-09-08T17:17:42","guid":{"rendered":"https:\/\/encuentroinformativo.com.mx\/?p=31445"},"modified":"2022-09-08T12:17:45","modified_gmt":"2022-09-08T17:17:45","slug":"demandan-bajar-tarifas-de-grupo-mas","status":"publish","type":"post","link":"https:\/\/encuentroinformativo.com.mx\/?p=31445","title":{"rendered":"Demandan bajar tarifas de Grupo MAS"},"content":{"rendered":"\n<p><strong>Juan Arcos <\/strong><\/p>\n\n\n\n<p>Xalapa, Ver.- El dirigente del Movimiento Civil Independiente (MOCI), Oliver Olmos Cabrera, visit\u00f3 a los regidores del Puerto de Veracruz para denunciar nuevamente el abuso en las cuotas tarifarias por parte de la empresa Grupo MAS, como administradora del servicio de agua potable.<\/p>\n\n\n\n<p>El activista pidi\u00f3 personalmente a los ediles que intervengan para derogar la cuota tarifaria por parte de la compa\u00f1\u00eda mencionada.<\/p>\n\n\n\n<p>\u201cVenimos a buscar a cada uno de los regidores para que juntos coadyuven en la exigencia de derogar la cuota tarifaria que hoy cobra Grupo MAS, y que es violatoria a los derechos de los pobladores de Veracruz y Medell\u00edn\u201d, expres\u00f3.<\/p>\n\n\n\n<p>Olmos Cabrera insisti\u00f3 en que es urgente la intervenci\u00f3n de todos y que en una sola voz se exija lo que por derecho le corresponde a los usuarios del agua potable.<\/p>\n\n\n\n<p>Confi\u00f3 en que la concesi\u00f3n de Grupo MAS sea cancelada por las m\u00faltiples violaciones, de ah\u00ed que en breve se pueda conocer todas las razones sustentadas con la que tendr\u00eda que quedar fuera esta empresa extranjera de la administraci\u00f3n del agua en Veracruz y Medell\u00edn de Bravo.<\/p>\n\n\n\n<p>\u201cNo podemos dejar que los ediles, representantes del municipios no hagan nada\u201d, expres\u00f3.<\/p>\n\n\n\n<p>Adem\u00e1s, han denunciado las plantas de tratamiento de las aguas residuales no funcionan adecuadamente y, por ello, se ha distribuido agua contaminada en los hogares.<\/p>\n","protected":false},"excerpt":{"rendered":"<p>Juan Arcos Xalapa, Ver.- El dirigente del Movimiento Civil Independiente (MOCI), Oliver Olmos Cabrera, visit\u00f3 a los regidores del Puerto de Veracruz para denunciar nuevamente el abuso en las cuotas tarifarias por parte de la empresa Grupo MAS, como administradora del servicio de agua potable. El activista pidi\u00f3 personalmente a los ediles que intervengan para [&hellip;]<\/p>\n","protected":false},"author":1,"featured_media":31446,"comment_status":"open","ping_status":"open","sticky":false,"template":"","format":"standard","meta":{"_jetpack_memberships_contains_paid_content":false,"footnotes":""},"categories":[2],"tags":[],"class_list":["post-31445","post","type-post","status-publish","format-standard","has-post-thumbnail","hentry","category-estado"],"jetpack_featured_media_url":"https:\/\/encuentroinformativo.com.mx\/wp-content\/uploads\/2022\/09\/053379FD-7EA7-4077-9106-B1D2EF72251F.jpeg","jetpack_sharing_enabled":true,"jetpack_likes_enabled":true,"amp_enabled":true,"_links":{"self":[{"href":"https:\/\/encuentroinformativo.com.mx\/index.php?rest_route=\/wp\/v2\/posts\/31445","targetHints":{"allow":["GET"]}}],"collection":[{"href":"https:\/\/encuentroinformativo.com.mx\/index.php?rest_route=\/wp\/v2\/posts"}],"about":[{"href":"https:\/\/encuentroinformativo.com.mx\/index.php?rest_route=\/wp\/v2\/types\/post"}],"author":[{"embeddable":true,"href":"https:\/\/encuentroinformativo.com.mx\/index.php?rest_route=\/wp\/v2\/users\/1"}],"replies":[{"embeddable":true,"href":"https:\/\/encuentroinformativo.com.mx\/index.php?rest_route=%2Fwp%2Fv2%2Fcomments&post=31445"}],"version-history":[{"count":1,"href":"https:\/\/encuentroinformativo.com.mx\/index.php?rest_route=\/wp\/v2\/posts\/31445\/revisions"}],"predecessor-version":[{"id":31447,"href":"https:\/\/encuentroinformativo.com.mx\/index.php?rest_route=\/wp\/v2\/posts\/31445\/revisions\/31447"}],"wp:featuredmedia":[{"embeddable":true,"href":"https:\/\/encuentroinformativo.com.mx\/index.php?rest_route=\/wp\/v2\/media\/31446"}],"wp:attachment":[{"href":"https:\/\/encuentroinformativo.com.mx\/index.php?rest_route=%2Fwp%2Fv2%2Fmedia&parent=31445"}],"wp:term":[{"taxonomy":"category","embeddable":true,"href":"https:\/\/encuentroinformativo.com.mx\/index.php?rest_route=%2Fwp%2Fv2%2Fcategories&post=31445"},{"taxonomy":"post_tag","embeddable":true,"href":"https:\/\/encuentroinformativo.com.mx\/index.php?rest_route=%2Fwp%2Fv2%2Ftags&post=31445"}],"curies":[{"name":"wp","href":"https:\/\/api.w.org\/{rel}","templated":true}]}}