{"id":31448,"date":"2022-09-08T12:29:17","date_gmt":"2022-09-08T17:29:17","guid":{"rendered":"https:\/\/encuentroinformativo.com.mx\/?p=31448"},"modified":"2022-09-08T12:29:20","modified_gmt":"2022-09-08T17:29:20","slug":"reanudaran-mesas-de-trabajo-con-familiares-de-personas-desaparecidas","status":"publish","type":"post","link":"https:\/\/encuentroinformativo.com.mx\/?p=31448","title":{"rendered":"Reanudar\u00e1n mesas de trabajo con familiares de personas desaparecidas"},"content":{"rendered":"\n<p><strong>Juan Arcos\u00a0<\/strong><\/p>\n\n\n\n<p>Xalapa, Ver.- El gobierno de Veracruz atender\u00e1 las demandas de los colectivos de familiares de desaparecidos para intensificar las b\u00fasquedas en distintas regiones de la entidad.<\/p>\n\n\n\n<p>El director general de Cultura de Paz y Derechos Humanos, Sergio Ulises Montes Guzm\u00e1n, indic\u00f3 que se est\u00e1n acordando fechas para establecer las mesas de trabajo.<\/p>\n\n\n\n<p>En estos encuentros participar\u00edan funcionarios de la Secretar\u00eda de Gobierno, Fiscal\u00eda General del Estado (FGE) y Secretar\u00eda de Seguridad P\u00fablica (SSP).<\/p>\n\n\n\n<p>El funcionario estatal revel\u00f3 que las reuniones se llevar\u00e1n a cabo de manera regional para brindar una mejor atenci\u00f3n a los familiares de desaparecidos.<\/p>\n\n\n\n<p>&#8220;Nos vamos a reunir de manera previa con algunos colectivos a nivel regional para ir estableciendo una agenda de trabajo\u201d, expres\u00f3.<\/p>\n\n\n\n<p>Los familiares de desaparecidos han planteado diversos temas, como agilizar las b\u00fasquedas, tanto en vida como en fosas clandestinas y en las fosas comunes de los panteones municipales.<\/p>\n\n\n\n<p>\u201cLas b\u00fasquedas no se han detenido, a trav\u00e9s de la Comisi\u00f3n Estatal de B\u00fasqueda, sigue esa labor en todo el estado con los diferentes colectivos. Los familiares participan porque son los principales interesados y ellos tienen contextos en d\u00f3nde est\u00e1n esos sitios\u201d, agreg\u00f3.<\/p>\n","protected":false},"excerpt":{"rendered":"<p>Juan Arcos\u00a0 Xalapa, Ver.- El gobierno de Veracruz atender\u00e1 las demandas de los colectivos de familiares de desaparecidos para intensificar las b\u00fasquedas en distintas regiones de la entidad. El director general de Cultura de Paz y Derechos Humanos, Sergio Ulises Montes Guzm\u00e1n, indic\u00f3 que se est\u00e1n acordando fechas para establecer las mesas de trabajo. En [&hellip;]<\/p>\n","protected":false},"author":1,"featured_media":31449,"comment_status":"open","ping_status":"open","sticky":false,"template":"","format":"standard","meta":{"_jetpack_memberships_contains_paid_content":false,"footnotes":""},"categories":[2],"tags":[],"class_list":["post-31448","post","type-post","status-publish","format-standard","has-post-thumbnail","hentry","category-estado"],"jetpack_featured_media_url":"https:\/\/encuentroinformativo.com.mx\/wp-content\/uploads\/2022\/09\/F6675E56-9641-4E18-A0DC-2DE1DDCA6598.jpeg","jetpack_sharing_enabled":true,"jetpack_likes_enabled":true,"amp_enabled":true,"_links":{"self":[{"href":"https:\/\/encuentroinformativo.com.mx\/index.php?rest_route=\/wp\/v2\/posts\/31448","targetHints":{"allow":["GET"]}}],"collection":[{"href":"https:\/\/encuentroinformativo.com.mx\/index.php?rest_route=\/wp\/v2\/posts"}],"about":[{"href":"https:\/\/encuentroinformativo.com.mx\/index.php?rest_route=\/wp\/v2\/types\/post"}],"author":[{"embeddable":true,"href":"https:\/\/encuentroinformativo.com.mx\/index.php?rest_route=\/wp\/v2\/users\/1"}],"replies":[{"embeddable":true,"href":"https:\/\/encuentroinformativo.com.mx\/index.php?rest_route=%2Fwp%2Fv2%2Fcomments&post=31448"}],"version-history":[{"count":1,"href":"https:\/\/encuentroinformativo.com.mx\/index.php?rest_route=\/wp\/v2\/posts\/31448\/revisions"}],"predecessor-version":[{"id":31450,"href":"https:\/\/encuentroinformativo.com.mx\/index.php?rest_route=\/wp\/v2\/posts\/31448\/revisions\/31450"}],"wp:featuredmedia":[{"embeddable":true,"href":"https:\/\/encuentroinformativo.com.mx\/index.php?rest_route=\/wp\/v2\/media\/31449"}],"wp:attachment":[{"href":"https:\/\/encuentroinformativo.com.mx\/index.php?rest_route=%2Fwp%2Fv2%2Fmedia&parent=31448"}],"wp:term":[{"taxonomy":"category","embeddable":true,"href":"https:\/\/encuentroinformativo.com.mx\/index.php?rest_route=%2Fwp%2Fv2%2Fcategories&post=31448"},{"taxonomy":"post_tag","embeddable":true,"href":"https:\/\/encuentroinformativo.com.mx\/index.php?rest_route=%2Fwp%2Fv2%2Ftags&post=31448"}],"curies":[{"name":"wp","href":"https:\/\/api.w.org\/{rel}","templated":true}]}}