{"id":31451,"date":"2022-09-08T12:37:37","date_gmt":"2022-09-08T17:37:37","guid":{"rendered":"https:\/\/encuentroinformativo.com.mx\/?p=31451"},"modified":"2022-09-08T12:37:41","modified_gmt":"2022-09-08T17:37:41","slug":"sev-quiere-despojarnos-de-inmueble-acusan-en-normal-suarez-trujillo","status":"publish","type":"post","link":"https:\/\/encuentroinformativo.com.mx\/?p=31451","title":{"rendered":"\u2018SEV quiere despojarnos de inmueble\u2019; acusan en Normal Su\u00e1rez  Trujillo"},"content":{"rendered":"\n<p><strong>Dar\u00edo Pale <\/strong><\/p>\n\n\n\n<p>Xalapa, Ver.- Estudiantes de la Escuela Normal Superior Veracruzana &#8220;Doctor Manuel Su\u00e1rez Trujillo&#8221;, marcharon por las principales calles del centro de Xalapa y se manifestaron en el centro de la capital para solicitar que no los despojen del edifico donde est\u00e1n laborando.<\/p>\n\n\n\n<p>Entrevistado durante la marcha el maestro V\u00edctor Luna dijo que son maestros docentes que formaron una comisi\u00f3n de la ENSV, ya que el gobierno del estado y la Secretar\u00eda de Educaci\u00f3n de Veracruz (SEV), quiere despojarlos de un edificio que les pertenece.<\/p>\n\n\n\n<p>Est\u00e1n en la escuela 21 de marzo por lo cual marchan por las calles de L\u00e1zaro C\u00e1rdenas y subir\u00e1n al centro de la capital para manifestarse frente a palacio de gobierno donde dar\u00e1n a conocer sus diferentes demandas.<\/p>\n\n\n\n<p>En las pancartas que llevan hacen las siguientes solicitudes: &#8220;Obtenci\u00f3n de clave de centro de trabajo&#8221;, &#8220;Barda perimetral y acceso vehicular&#8221;, &#8220;yo doy la vida por la ENSV&#8221;, &#8220;clave de la Telesecundaria anexa a lLa ENSV&#8221;, &#8220;defensa del patrimonio&#8221;, &#8220;salvemos la Telesecundaria&#8221;, &#8220;defensa del patrimonio&#8221;, &#8220;Respeto y atenci\u00f3n a la Telesecundaria anexa ENSV&#8221;, entre otras.<\/p>\n\n\n\n<p>Finalmente cabe se\u00f1alar que vienen docentes y alumnos marchando para defender la escuela la cual en d\u00edas pasados no permitieron la entrada a dicho plantel ya que se encontraba cerrado con cadenas y candados.<\/p>\n","protected":false},"excerpt":{"rendered":"<p>Dar\u00edo Pale Xalapa, Ver.- Estudiantes de la Escuela Normal Superior Veracruzana &#8220;Doctor Manuel Su\u00e1rez Trujillo&#8221;, marcharon por las principales calles del centro de Xalapa y se manifestaron en el centro de la capital para solicitar que no los despojen del edifico donde est\u00e1n laborando. Entrevistado durante la marcha el maestro V\u00edctor Luna dijo que son [&hellip;]<\/p>\n","protected":false},"author":1,"featured_media":31452,"comment_status":"open","ping_status":"open","sticky":false,"template":"","format":"standard","meta":{"_jetpack_memberships_contains_paid_content":false,"footnotes":""},"categories":[3],"tags":[],"class_list":["post-31451","post","type-post","status-publish","format-standard","has-post-thumbnail","hentry","category-xalapa"],"jetpack_featured_media_url":"https:\/\/encuentroinformativo.com.mx\/wp-content\/uploads\/2022\/09\/DCD67598-76FE-419C-B4CE-D903B7A3D9FD.jpeg","jetpack_sharing_enabled":true,"jetpack_likes_enabled":true,"amp_enabled":true,"_links":{"self":[{"href":"https:\/\/encuentroinformativo.com.mx\/index.php?rest_route=\/wp\/v2\/posts\/31451","targetHints":{"allow":["GET"]}}],"collection":[{"href":"https:\/\/encuentroinformativo.com.mx\/index.php?rest_route=\/wp\/v2\/posts"}],"about":[{"href":"https:\/\/encuentroinformativo.com.mx\/index.php?rest_route=\/wp\/v2\/types\/post"}],"author":[{"embeddable":true,"href":"https:\/\/encuentroinformativo.com.mx\/index.php?rest_route=\/wp\/v2\/users\/1"}],"replies":[{"embeddable":true,"href":"https:\/\/encuentroinformativo.com.mx\/index.php?rest_route=%2Fwp%2Fv2%2Fcomments&post=31451"}],"version-history":[{"count":1,"href":"https:\/\/encuentroinformativo.com.mx\/index.php?rest_route=\/wp\/v2\/posts\/31451\/revisions"}],"predecessor-version":[{"id":31453,"href":"https:\/\/encuentroinformativo.com.mx\/index.php?rest_route=\/wp\/v2\/posts\/31451\/revisions\/31453"}],"wp:featuredmedia":[{"embeddable":true,"href":"https:\/\/encuentroinformativo.com.mx\/index.php?rest_route=\/wp\/v2\/media\/31452"}],"wp:attachment":[{"href":"https:\/\/encuentroinformativo.com.mx\/index.php?rest_route=%2Fwp%2Fv2%2Fmedia&parent=31451"}],"wp:term":[{"taxonomy":"category","embeddable":true,"href":"https:\/\/encuentroinformativo.com.mx\/index.php?rest_route=%2Fwp%2Fv2%2Fcategories&post=31451"},{"taxonomy":"post_tag","embeddable":true,"href":"https:\/\/encuentroinformativo.com.mx\/index.php?rest_route=%2Fwp%2Fv2%2Ftags&post=31451"}],"curies":[{"name":"wp","href":"https:\/\/api.w.org\/{rel}","templated":true}]}}