{"id":31455,"date":"2022-09-08T13:49:19","date_gmt":"2022-09-08T18:49:19","guid":{"rendered":"https:\/\/encuentroinformativo.com.mx\/?p=31455"},"modified":"2022-09-08T13:49:25","modified_gmt":"2022-09-08T18:49:25","slug":"veracruz-se-suma-a-las-protestas-por-falta-de-recurso-al-inah","status":"publish","type":"post","link":"https:\/\/encuentroinformativo.com.mx\/?p=31455","title":{"rendered":"Veracruz se suma a las protestas por falta de recurso al INAH"},"content":{"rendered":"\n<p><strong>Alejandro \u00c1vila<\/strong><\/p>\n\n\n\n<p>Veracruz, Ver.- Trabajadores del Instituto Nacional de Antropolog\u00eda e Historia (INAH) delegaci\u00f3n Veracruz, se manifestaron y clausuraron simb\u00f3licamente las instalaciones ubicadas en la calle Benito Ju\u00e1rez de este puerto.<\/p>\n\n\n\n<p>David Morales G\u00f3mez, secretario de organizaci\u00f3n del sindicato, puntualiz\u00f3 que la movilizaci\u00f3n se realiza a nivel nacional, toda vez que este mi\u00e9rcoles se entreg\u00f3 un pliego petitorio en la C\u00e1mara de Diputados Federal, d\u00f3nde se solicita a la Secretar\u00eda de Hacienda y Cr\u00e9dito P\u00fablico se entregue recurso al INAH.<\/p>\n\n\n\n<p>&#8220;Ya llevamos dos a\u00f1os sin presupuesto. El INAH no tiene un presupuesto para trabajar, para proyecto de investigaci\u00f3n, de conservaci\u00f3n, para los museos, exposiciones, operaci\u00f3n de sitios, y para algunas cosas laborales que no se han cumplido para los trabajadores&#8221;, destac\u00f3.<\/p>\n\n\n\n<p>Los empleados afectados se\u00f1alaron que desde la entrada del nuevo Gobierno Federal, se ha reducido anualmente un 30 por ciento del presupuesto, lo cual reducido la operatividad del Instituto Nacional de Antropolog\u00eda e Historia (INAH), as\u00ed como el del Instituto Nacional de Bellas Artes (INBAL).<\/p>\n\n\n\n<p>&#8220;En el caso del INAH, y m\u00e1s por la pandemia, hizo que los sitios operaran al m\u00ednimo, por eso es que a veces muchos visitantes se quejan de que aveces no encuentran abiertas las zonas arqueol\u00f3gicas o los museos, no es tanto por la voluntad de los trabajadores, sino porque, en este caso, no hay ni siquiera los insumos necesarios para limpieza o para en este caso lo sanitarios&#8221;, declar\u00f3.<\/p>\n","protected":false},"excerpt":{"rendered":"<p>Alejandro \u00c1vila Veracruz, Ver.- Trabajadores del Instituto Nacional de Antropolog\u00eda e Historia (INAH) delegaci\u00f3n Veracruz, se manifestaron y clausuraron simb\u00f3licamente las instalaciones ubicadas en la calle Benito Ju\u00e1rez de este puerto. David Morales G\u00f3mez, secretario de organizaci\u00f3n del sindicato, puntualiz\u00f3 que la movilizaci\u00f3n se realiza a nivel nacional, toda vez que este mi\u00e9rcoles se entreg\u00f3 [&hellip;]<\/p>\n","protected":false},"author":1,"featured_media":31456,"comment_status":"open","ping_status":"open","sticky":false,"template":"","format":"standard","meta":{"_jetpack_memberships_contains_paid_content":false,"footnotes":""},"categories":[2],"tags":[],"class_list":["post-31455","post","type-post","status-publish","format-standard","has-post-thumbnail","hentry","category-estado"],"jetpack_featured_media_url":"https:\/\/encuentroinformativo.com.mx\/wp-content\/uploads\/2022\/09\/8B43AB60-29A2-483D-A341-7DA9C88DA10E.jpeg","jetpack_sharing_enabled":true,"jetpack_likes_enabled":true,"amp_enabled":true,"_links":{"self":[{"href":"https:\/\/encuentroinformativo.com.mx\/index.php?rest_route=\/wp\/v2\/posts\/31455","targetHints":{"allow":["GET"]}}],"collection":[{"href":"https:\/\/encuentroinformativo.com.mx\/index.php?rest_route=\/wp\/v2\/posts"}],"about":[{"href":"https:\/\/encuentroinformativo.com.mx\/index.php?rest_route=\/wp\/v2\/types\/post"}],"author":[{"embeddable":true,"href":"https:\/\/encuentroinformativo.com.mx\/index.php?rest_route=\/wp\/v2\/users\/1"}],"replies":[{"embeddable":true,"href":"https:\/\/encuentroinformativo.com.mx\/index.php?rest_route=%2Fwp%2Fv2%2Fcomments&post=31455"}],"version-history":[{"count":1,"href":"https:\/\/encuentroinformativo.com.mx\/index.php?rest_route=\/wp\/v2\/posts\/31455\/revisions"}],"predecessor-version":[{"id":31457,"href":"https:\/\/encuentroinformativo.com.mx\/index.php?rest_route=\/wp\/v2\/posts\/31455\/revisions\/31457"}],"wp:featuredmedia":[{"embeddable":true,"href":"https:\/\/encuentroinformativo.com.mx\/index.php?rest_route=\/wp\/v2\/media\/31456"}],"wp:attachment":[{"href":"https:\/\/encuentroinformativo.com.mx\/index.php?rest_route=%2Fwp%2Fv2%2Fmedia&parent=31455"}],"wp:term":[{"taxonomy":"category","embeddable":true,"href":"https:\/\/encuentroinformativo.com.mx\/index.php?rest_route=%2Fwp%2Fv2%2Fcategories&post=31455"},{"taxonomy":"post_tag","embeddable":true,"href":"https:\/\/encuentroinformativo.com.mx\/index.php?rest_route=%2Fwp%2Fv2%2Ftags&post=31455"}],"curies":[{"name":"wp","href":"https:\/\/api.w.org\/{rel}","templated":true}]}}