{"id":31461,"date":"2022-09-08T14:29:54","date_gmt":"2022-09-08T19:29:54","guid":{"rendered":"https:\/\/encuentroinformativo.com.mx\/?p=31461"},"modified":"2022-09-08T14:29:59","modified_gmt":"2022-09-08T19:29:59","slug":"repunta-robo-a-casas-habitacion-en-banderilla-alcalde","status":"publish","type":"post","link":"https:\/\/encuentroinformativo.com.mx\/?p=31461","title":{"rendered":"Repunta robo a casas-habitaci\u00f3n en Banderilla: Alcalde"},"content":{"rendered":"\n<p><strong>Dar\u00edo Pale<\/strong><\/p>\n\n\n\n<p>Xalapa, Ver.- El presidente municipal de Banderilla, David San Gabriel Bonilla dio a conocer que en los \u00faltimos meses ha aumentado el robo a escuelas y a casa habitaci\u00f3n en dicho municipio.<\/p>\n\n\n\n<p>En entrevista destac\u00f3 que ya se mantiene una coordinaci\u00f3n con las fuerzas de seguridad estatales para aumentar la vigilancia, adem\u00e1s, agradeci\u00f3 los esquemas de prevenci\u00f3n del delito en este municipio conurbado a Xalapa.<\/p>\n\n\n\n<p>\u201cSe nos ha detonado el crimen local, el robo a casa-habitaci\u00f3n, el cristalazo, pero m\u00e1s el robo a casa habitaci\u00f3n como en escuelas, se nos ha detonado un poco, nosotros hemos estado trabajando ah\u00ed y en este mes de septiembre vamos a iniciar un programa con nuestra polic\u00eda preventiva, estamos teniendo acercamientos con Fuerza Civil y Polic\u00eda Estatal&#8221;, coment\u00f3.<\/p>\n\n\n\n<p>Ya tenemos pl\u00e1ticas de coordinaci\u00f3n, aterrizarlas un poquito y nuestro esquema efectivo es Una zonificaci\u00f3n y un manejo de la polic\u00eda m\u00e1s cercana sobre todo con recorridos en as colonias y con un grupo de reacci\u00f3n.<\/p>\n\n\n\n<p>Finalmente coment\u00f3 \u00a0que tambi\u00e9n tienen pensado colocar polic\u00edas fijos en algunos puntos y en coordinaci\u00f3n con el gobierno del estado, pero desde su trinchera est\u00e1n invirti\u00e9ndole y trabajando en lo pueden hacer.<\/p>\n","protected":false},"excerpt":{"rendered":"<p>Dar\u00edo Pale Xalapa, Ver.- El presidente municipal de Banderilla, David San Gabriel Bonilla dio a conocer que en los \u00faltimos meses ha aumentado el robo a escuelas y a casa habitaci\u00f3n en dicho municipio. En entrevista destac\u00f3 que ya se mantiene una coordinaci\u00f3n con las fuerzas de seguridad estatales para aumentar la vigilancia, adem\u00e1s, agradeci\u00f3 [&hellip;]<\/p>\n","protected":false},"author":1,"featured_media":31462,"comment_status":"open","ping_status":"open","sticky":false,"template":"","format":"standard","meta":{"_jetpack_memberships_contains_paid_content":false,"footnotes":""},"categories":[8],"tags":[],"class_list":["post-31461","post","type-post","status-publish","format-standard","has-post-thumbnail","hentry","category-region"],"jetpack_featured_media_url":"https:\/\/encuentroinformativo.com.mx\/wp-content\/uploads\/2022\/09\/E40FB1F5-C2D7-4D71-982B-982AE2B8D0F6.jpeg","jetpack_sharing_enabled":true,"jetpack_likes_enabled":true,"amp_enabled":true,"_links":{"self":[{"href":"https:\/\/encuentroinformativo.com.mx\/index.php?rest_route=\/wp\/v2\/posts\/31461","targetHints":{"allow":["GET"]}}],"collection":[{"href":"https:\/\/encuentroinformativo.com.mx\/index.php?rest_route=\/wp\/v2\/posts"}],"about":[{"href":"https:\/\/encuentroinformativo.com.mx\/index.php?rest_route=\/wp\/v2\/types\/post"}],"author":[{"embeddable":true,"href":"https:\/\/encuentroinformativo.com.mx\/index.php?rest_route=\/wp\/v2\/users\/1"}],"replies":[{"embeddable":true,"href":"https:\/\/encuentroinformativo.com.mx\/index.php?rest_route=%2Fwp%2Fv2%2Fcomments&post=31461"}],"version-history":[{"count":1,"href":"https:\/\/encuentroinformativo.com.mx\/index.php?rest_route=\/wp\/v2\/posts\/31461\/revisions"}],"predecessor-version":[{"id":31463,"href":"https:\/\/encuentroinformativo.com.mx\/index.php?rest_route=\/wp\/v2\/posts\/31461\/revisions\/31463"}],"wp:featuredmedia":[{"embeddable":true,"href":"https:\/\/encuentroinformativo.com.mx\/index.php?rest_route=\/wp\/v2\/media\/31462"}],"wp:attachment":[{"href":"https:\/\/encuentroinformativo.com.mx\/index.php?rest_route=%2Fwp%2Fv2%2Fmedia&parent=31461"}],"wp:term":[{"taxonomy":"category","embeddable":true,"href":"https:\/\/encuentroinformativo.com.mx\/index.php?rest_route=%2Fwp%2Fv2%2Fcategories&post=31461"},{"taxonomy":"post_tag","embeddable":true,"href":"https:\/\/encuentroinformativo.com.mx\/index.php?rest_route=%2Fwp%2Fv2%2Ftags&post=31461"}],"curies":[{"name":"wp","href":"https:\/\/api.w.org\/{rel}","templated":true}]}}