{"id":31470,"date":"2022-09-09T09:34:02","date_gmt":"2022-09-09T14:34:02","guid":{"rendered":"https:\/\/encuentroinformativo.com.mx\/?p=31470"},"modified":"2022-09-09T09:34:06","modified_gmt":"2022-09-09T14:34:06","slug":"que-alcaldes-decidan-si-es-necesaria-o-no-la-presencia-de-las-fuerzas-armadas","status":"publish","type":"post","link":"https:\/\/encuentroinformativo.com.mx\/?p=31470","title":{"rendered":"QUE ALCALDES DECIDAN SI ES NECESARIA O NO LA PRESENCIA DE LAS FUERZAS ARMADAS"},"content":{"rendered":"\n<p><strong>ColumnaSinNombre<br>@pablojair<\/strong><\/p>\n\n\n\n<ul class=\"wp-block-list\"><li>La neta, les fall\u00f3 la estrategia en el Congreso de Energ\u00eda.<\/li><li>Ya no tiene permiso \u201cZeus\u201d para operar en Veracruz.<\/li><li>El Rey Carlos III ya ha visitado tierras jarochas.<\/li><\/ul>\n\n\n\n<p>Se nos fue Chabelita y Marciano; no somos nada, chingau<br>\u2014Chopenjawer<\/p>\n\n\n\n<p>Por a\u00f1os el cuerpo \u00e9lite de la polic\u00eda civil fue la Polic\u00eda Federal de Caminos (PFC), que eran los m\u00e1s preparados y cuya escuela era de las mejores de Latinoam\u00e9rica.<\/p>\n\n\n\n<p>Dependiente primero de la entonces poderosa Secretar\u00eda de Comunicaciones y Transportes (SCT), los civiles comenzaron a militarizarse cuando el entonces presidente pri\u00edsta Ernesto Zedillo cre\u00f3 la Polic\u00eda Federal Preventiva (PFP), que comenz\u00f3 a desarticular la prestigiada escuela de los PFC para comenzar a poner militares en mandos y tropa.<\/p>\n\n\n\n<p>En los a\u00f1os de los panistas Vicente Fox y Felipe Calder\u00f3n entra a los organismos policiacos el superpolic\u00eda del panismo Genaro Garc\u00eda Luna, pero tambi\u00e9n se desata la violencia del narco por el ascenso que tuvo Joaqu\u00edn \u201cEl Chapo\u201d Guzm\u00e1n, de quien siempre ha estado la sospecha de que fue ayudado a escapar en el sexenio de Fox para empoderarse con el de Calder\u00f3n, apoyado precisamente por Garc\u00eda Luna.<\/p>\n\n\n\n<p>Se agudiz\u00f3 la violencia en las calles porque Felipe Calder\u00f3n sac\u00f3 con todo al Ej\u00e9rcito y a la Marina a las calles para hacerle la guerra a los c\u00e1rteles del narco (curiosamente, beneficiando al C\u00e1rtel del Pac\u00edfico del \u201cChapo\u201d, que se hac\u00eda m\u00e1s poderoso). En Veracruz se cre\u00f3 hasta la Polic\u00eda Naval como un recurso desesperado para tener una polic\u00eda de tipo militar en las calles haciendo labores de polic\u00edas preventivos, pero fue un fracaso que incluso manchaba la imagen de la Marina, sobajada a detener borrachos y atender problemas dom\u00e9sticos.<\/p>\n\n\n\n<p>Se puede decir entonces que quienes iniciaron la oleada inusitada de violencia fueron los que hoy arengan con que no quieren al Ej\u00e9rcito ni a la Marina en las calles, todo por llevar la contraria de llevar a la Guardia Nacional a la Secretar\u00eda de la Defensa Nacional (Sedena).<\/p>\n\n\n\n<p>Y la verdad es pat\u00e9tico: los que ayer aplaud\u00edan la \u201cguerra\u201d de Calder\u00f3n con el Ej\u00e9rcito y Marina metidos a balaceras en plenas zonas urbanas, hoy resulta que est\u00e1n \u201cespantad\u00edsimos\u201d de que sean las fuerzas armadas las que permanezcan en las calles. Quienes dec\u00edan que Calder\u00f3n ten\u00eda las agallas para enfrentar al narco con los soldados y marinos, ahora resulta que est\u00e1n muy indignados por la \u201cmilitarizaci\u00f3n\u201d del pa\u00eds.<\/p>\n\n\n\n<p>El tema de la Guardia Nacional ha dividido a la clase pol\u00edtica opositora por una sencilla raz\u00f3n: hay quienes simplemente s\u00f3lo llevan la contraria del gobierno en turno s\u00f3lo por joder (caso PAN y PRD), y hay quienes est\u00e1n siendo m\u00e1s razonables como en el caso de los pri\u00edstas.<\/p>\n\n\n\n<p>Que si est\u00e1n apretando de los tanates a Alito, su dirigente nacional, ese ya es otro tema, pero no cambia el fondo de la cosa: se trata de un asunto de seguridad que no se termina de componer y que necesita forzosamente de las dos instituciones en las que m\u00e1s conf\u00edan los mexicanos: el Ej\u00e9rcito y la Marina.<\/p>\n\n\n\n<p>O sea, no se puede ser tan mezquino para poner un tema serio en la agenda politiquera de los partidos de oposici\u00f3n. La situaci\u00f3n de seguridad no se termina por componer y ah\u00ed est\u00e1n estados como Zacatecas, Guanajuato, Sonora, Colima, Jalisco, Guerrero, entre otros, metidos en grandes broncas de inseguridad.<\/p>\n\n\n\n<p>Y es cierto: durante a\u00f1os el mismo presidente Andr\u00e9s Manuel L\u00f3pez Obrador critic\u00f3 la medida de sacar al Ej\u00e9rcito y Marina a las calles para combatir al narcotr\u00e1fico creciente, pero echar para atr\u00e1s todo dejar\u00eda en indefensi\u00f3n al pa\u00eds\u2026 \u00bfO a poco cree que una cabecera municipal con 10 tristes polic\u00edas con una trinche pistolita va a poder enfrentarse a una c\u00e9lula de drogadictos fuertemente armados con rifles de asalto de alto poder o rifles Barrett?<\/p>\n\n\n\n<p>Mire, los mismos priistas comentan que est\u00e1n en contra de la militarizaci\u00f3n; que incluso est\u00e1n en desacuerdo con la incorporaci\u00f3n de la Guardia Nacional a la Sedena, pero est\u00e1n conscientes de que en un a\u00f1o la GN no estar\u00e1 preparada para enfrentar la inseguridad y necesita del acompa\u00f1amiento de las fuerzas armadas.<\/p>\n\n\n\n<p>Un d\u00eda despu\u00e9s de que el Ej\u00e9rcito y la Marina regresen a los cuarteles, nos vamos a levantar en un pa\u00eds con m\u00e1s descontrol e impunidad, \u00bfy qui\u00e9nes ser\u00e1n se\u00f1alados por no permitir el acompa\u00f1amiento a la Guardia Nacional en su proceso de fortalecimiento y armonizaci\u00f3n legal en todo el pa\u00eds? Los partidos de oposici\u00f3n.<\/p>\n\n\n\n<p>Y es que la alianza \u201cVa por M\u00e9xico\u201d podr\u00e1 ser un proyecto en conjunto del PRI, PAN y PRD, pero eso no necesariamente significa que deban coincidir en todo, menos en un tema tan serio como es la seguridad de un pa\u00eds, de un estado, de un municipio.<\/p>\n\n\n\n<p>La realidad es que para muchos pol\u00edticos es muy c\u00f3modo ver desde su curul, esca\u00f1o, escritorio, sof\u00e1, mesa de caf\u00e9 o lo que sea, opinar y decir \u201cesto est\u00e1 mal y pinche militarizaci\u00f3n, wee\u201d, pero vayan y pregunten a los alcaldes (los primeros respondientes de la seguridad) si necesitan o no del apoyo de las fuerzas armadas ante el embate de la delincuencia organizada.<\/p>\n\n\n\n<p>Ya si de plano esos cr\u00edticos de la \u201cmilitarizaci\u00f3n\u201d est\u00e1n en desacuerdo, pues h\u00e1ganle como dice el Coronel Jessep en \u201cHombres de Honor\u201d: toma una arma y defiende un puesto; o sal al \u201ctop\u00f3n\u201d con los malandros, si eres tan machito, machita o \u201cmachite\u201d\u2026 pero no est\u00e9s de hocic\u00f3n.<\/p>\n\n\n\n<p><strong>NOTA PARA PEGAR EN EL REFRI: <\/strong>Que en lugar de sentar hasta adelante a todos los pol\u00edticos, bur\u00f3cratas y empresarios en la Cuarta Transformeishion, hubiese estado m\u00e1s chido si sentaban hasta adelante a la \u201cchaviza\u201d que llevaron al Congreso de Energ\u00eda y esto hubiese sido m\u00e1s ad-hoc con los lineamientos del presidente de sentarse con el pueblo\u2026 Imag\u00ednense la cantidad de celulares de los chavos que estaban ah\u00ed listos para tomarse una foto o subir el video con la secretaria de Energ\u00eda, con el gober, con el director de CFE, con la Buenrostro, los mismos que en un a\u00f1o van a ser votantes y que adem\u00e1s ser\u00e1n los futuros ingenieros u obreros, que podr\u00edan estar trabajando en las paraestatales o en empresas vinculadas con el tema energ\u00e9tico\u2026 Tuvieron una oportunidad de oro, pero la desperdiciaron\u2026 La soberbia es muy mala consejera. Al tiempo.<\/p>\n\n\n\n<p><strong>OTRA NOTA: <\/strong>Despu\u00e9s de 15 a\u00f1os de operar alrededor de dos mil parqu\u00edmetros, en julio pasado venci\u00f3 la concesi\u00f3n otorgada a la empresa Zeus Monitoreo Vial, por lo que en este momento es ilegal y un acto de corrupci\u00f3n cobrar por aparcamiento en las calles de la ciudad y puerto de Veracruz, advirti\u00f3 el diputado local Juan Javier G\u00f3mez Cazar\u00edn, presidente de la Junta de Coordinaci\u00f3n Pol\u00edtica (JUCOPO), del Congreso local\u2026 El Legislador de Morena record\u00f3 que desde el 2007 una empresa privada opera y cobra el aparcamiento en calles del puerto, en sociedad con las autoridades municipales, tiempo en el cual la ciudadan\u00eda desconoce en qu\u00e9 se ha ocupado lo recaudado\u2026 En un mensaje a la ciudadan\u00eda porte\u00f1a, G\u00f3mez Cazar\u00edn precis\u00f3 que el pasado 1 de julio venci\u00f3 la autorizaci\u00f3n del Congreso local para otorgar en concesi\u00f3n la operaci\u00f3n de parqu\u00edmetros a la empresa privada Zeus Monitoreo Vial, por lo que desde hace dos meses ya no tienen derecho a cobrar ni mucho menos a inmovilizar veh\u00edculos.<\/p>\n\n\n\n<p><strong>LA \u00daLTIMA PORQUE UNA GUITARRA BLANCA TRISTONA:<\/strong> En tiempos de Miguel Alem\u00e1n Velasco como gobernador, el entonces pr\u00edncipe de Gales e hijo de la Reina Isabel II visit\u00f3 el Puerto de Veracruz y el Museo de Antropolog\u00eda de Xalapa\u2026 Anduvo dando el rol con el entonces mandatario estatal por el malec\u00f3n (hac\u00eda un calor de los mil diablos, por cierto) y de fondo estaba una flamante embarcaci\u00f3n inglesa que parec\u00eda salida como de los juguetes de GI-Joe, pero en tama\u00f1o real, que en verdad minimizaba el buque de la Marina Nacional, que se ve\u00eda \u201cpatito\u201d\u2026 Por esta visita se recuerda que \u201csecuestraron\u201d con todo un operativo policiaco unas piezas arqueol\u00f3gicas olmecas en San Lorenzo Tenochtitl\u00e1n, municipio de Texistepec, para traerlas al Museo de Antropolog\u00eda de Xalapa y presumirlas como partes de una nueva exhibici\u00f3n. Esas piezas son los \u201cjaguares\u201d y los \u201cgemelos\u201d, que se encuentran todav\u00eda en la entrada de dicho museo\u2026 En una de esas hasta regresa Don Charlie ya investido como Rey y va por unas nieves del \u201cg\u00fcero-g\u00fcero\u201d\u2026 Igual y no, ya ve que la 4T no le cae eso de la monarqu\u00eda, aunque no sea en tierra propia.<\/p>\n","protected":false},"excerpt":{"rendered":"<p>ColumnaSinNombre@pablojair La neta, les fall\u00f3 la estrategia en el Congreso de Energ\u00eda. Ya no tiene permiso \u201cZeus\u201d para operar en Veracruz. El Rey Carlos III ya ha visitado tierras jarochas. Se nos fue Chabelita y Marciano; no somos nada, chingau\u2014Chopenjawer Por a\u00f1os el cuerpo \u00e9lite de la polic\u00eda civil fue la Polic\u00eda Federal de Caminos [&hellip;]<\/p>\n","protected":false},"author":1,"featured_media":488,"comment_status":"open","ping_status":"open","sticky":false,"template":"","format":"standard","meta":{"_jetpack_memberships_contains_paid_content":false,"footnotes":""},"categories":[11],"tags":[],"class_list":["post-31470","post","type-post","status-publish","format-standard","has-post-thumbnail","hentry","category-opinion"],"jetpack_featured_media_url":"https:\/\/encuentroinformativo.com.mx\/wp-content\/uploads\/2020\/03\/F471F608-BA1A-416B-BA7B-BCFB24F4E6D0.jpeg","jetpack_sharing_enabled":true,"jetpack_likes_enabled":true,"amp_enabled":true,"_links":{"self":[{"href":"https:\/\/encuentroinformativo.com.mx\/index.php?rest_route=\/wp\/v2\/posts\/31470","targetHints":{"allow":["GET"]}}],"collection":[{"href":"https:\/\/encuentroinformativo.com.mx\/index.php?rest_route=\/wp\/v2\/posts"}],"about":[{"href":"https:\/\/encuentroinformativo.com.mx\/index.php?rest_route=\/wp\/v2\/types\/post"}],"author":[{"embeddable":true,"href":"https:\/\/encuentroinformativo.com.mx\/index.php?rest_route=\/wp\/v2\/users\/1"}],"replies":[{"embeddable":true,"href":"https:\/\/encuentroinformativo.com.mx\/index.php?rest_route=%2Fwp%2Fv2%2Fcomments&post=31470"}],"version-history":[{"count":1,"href":"https:\/\/encuentroinformativo.com.mx\/index.php?rest_route=\/wp\/v2\/posts\/31470\/revisions"}],"predecessor-version":[{"id":31471,"href":"https:\/\/encuentroinformativo.com.mx\/index.php?rest_route=\/wp\/v2\/posts\/31470\/revisions\/31471"}],"wp:featuredmedia":[{"embeddable":true,"href":"https:\/\/encuentroinformativo.com.mx\/index.php?rest_route=\/wp\/v2\/media\/488"}],"wp:attachment":[{"href":"https:\/\/encuentroinformativo.com.mx\/index.php?rest_route=%2Fwp%2Fv2%2Fmedia&parent=31470"}],"wp:term":[{"taxonomy":"category","embeddable":true,"href":"https:\/\/encuentroinformativo.com.mx\/index.php?rest_route=%2Fwp%2Fv2%2Fcategories&post=31470"},{"taxonomy":"post_tag","embeddable":true,"href":"https:\/\/encuentroinformativo.com.mx\/index.php?rest_route=%2Fwp%2Fv2%2Ftags&post=31470"}],"curies":[{"name":"wp","href":"https:\/\/api.w.org\/{rel}","templated":true}]}}