{"id":31476,"date":"2022-09-09T12:10:22","date_gmt":"2022-09-09T17:10:22","guid":{"rendered":"https:\/\/encuentroinformativo.com.mx\/?p=31476"},"modified":"2022-09-09T12:10:27","modified_gmt":"2022-09-09T17:10:27","slug":"panistas-querian-parlamento-abierto-en-el-senado-sobre-guardia-nacional","status":"publish","type":"post","link":"https:\/\/encuentroinformativo.com.mx\/?p=31476","title":{"rendered":"Panistas quer\u00edan  Parlamento Abierto en el Senado sobre Guardia Nacional"},"content":{"rendered":"\n<p><strong>Alejandro \u00c1vila<\/strong><\/p>\n\n\n\n<p>Veracruz, Ver.- A nombre del Grupo Parlamentario del Partido Acci\u00f3n Nacional (GPPAN), el coordinador Senadores, Julen Rementer\u00eda del Puerto, present\u00f3 una moci\u00f3n suspensiva para frenar la discusi\u00f3n de la reforma a la Guardia Nacional (GN) y solicitar un Parlamento Abierto.<\/p>\n\n\n\n<p>\u201cDemos el tiempo, procedamos con esta moci\u00f3n suspensiva para retirar el dictamen y entonces discutir a profundidad e informar a la gente las implicaciones que tiene el volver o el cancelar la posibilidad de tener en este pa\u00eds una polic\u00eda civil, y que lo podamos hacer con responsabilidad, bien informados todos, no solamente porque nos lo piden desde Palacio Nacional\u201d, indic\u00f3.&nbsp;<\/p>\n\n\n\n<p>Durante su intervenci\u00f3n el legislador veracruzano pidi\u00f3 detener el atropello y la militarizaci\u00f3n del pa\u00eds, as\u00ed como contar con expertos para debatir dicha reforma, al no haber prisa para aprobarla.<\/p>\n\n\n\n<p>\u201cNo estamos aqu\u00ed para obedecer las \u00f3rdenes de nadie, m\u00e1s que de aquellos que nos trajeron precisamente a esta representaci\u00f3n. Y no estamos cumpliendo con esa responsabilidad de escucharlos, de atenderlos. As\u00ed es que insisto a toda la Junta, a los integrantes de la Junta de Coordinaci\u00f3n Pol\u00edtica, la solicitud para que se pueda formalizar la instalaci\u00f3n de un Parlamento Abierto\u201d, expuso.&nbsp;<\/p>\n\n\n\n<p>Cabe destacar que al someter a votaci\u00f3n la moci\u00f3n suspensiva, para diferir la aprobaci\u00f3n de la misma y convocar a un Parlamento abierto para una amplia discusi\u00f3n, fue rechazada por Morena y sus aliados.<\/p>\n\n\n\n<p>Ante dicha situaci\u00f3n, Rementer\u00eda del Puerto destac\u00f3 que no hay urgencia de hacer la discusi\u00f3n y votaci\u00f3n este d\u00eda, ni siquiera este mismo a\u00f1o.&nbsp;<\/p>\n\n\n\n<p>\u201cNo forcemos las cosas, nos vamos a arrepentir, porque esto es un error, no hay un r\u00e9gimen en el mundo que funcionando con una polic\u00eda militar se pueda prestigiar de democr\u00e1tico. Y eso no es lo que queremos cuando se habla de las decisiones del pueblo -que tanto le gusta utilizar la palabra al Presidente-, pues es precisamente que ellos puedan expresar su sentir, y aqu\u00ed pareciera que se las estamos cancelando\u201d, concluy\u00f3.<\/p>\n","protected":false},"excerpt":{"rendered":"<p>Alejandro \u00c1vila Veracruz, Ver.- A nombre del Grupo Parlamentario del Partido Acci\u00f3n Nacional (GPPAN), el coordinador Senadores, Julen Rementer\u00eda del Puerto, present\u00f3 una moci\u00f3n suspensiva para frenar la discusi\u00f3n de la reforma a la Guardia Nacional (GN) y solicitar un Parlamento Abierto. \u201cDemos el tiempo, procedamos con esta moci\u00f3n suspensiva para retirar el dictamen y [&hellip;]<\/p>\n","protected":false},"author":1,"featured_media":31477,"comment_status":"open","ping_status":"open","sticky":false,"template":"","format":"standard","meta":{"_jetpack_memberships_contains_paid_content":false,"footnotes":""},"categories":[12],"tags":[],"class_list":["post-31476","post","type-post","status-publish","format-standard","has-post-thumbnail","hentry","category-nacional"],"jetpack_featured_media_url":"https:\/\/encuentroinformativo.com.mx\/wp-content\/uploads\/2022\/09\/974BF546-9BFA-4040-A651-4EA424E98EC7.jpeg","jetpack_sharing_enabled":true,"jetpack_likes_enabled":true,"amp_enabled":true,"_links":{"self":[{"href":"https:\/\/encuentroinformativo.com.mx\/index.php?rest_route=\/wp\/v2\/posts\/31476","targetHints":{"allow":["GET"]}}],"collection":[{"href":"https:\/\/encuentroinformativo.com.mx\/index.php?rest_route=\/wp\/v2\/posts"}],"about":[{"href":"https:\/\/encuentroinformativo.com.mx\/index.php?rest_route=\/wp\/v2\/types\/post"}],"author":[{"embeddable":true,"href":"https:\/\/encuentroinformativo.com.mx\/index.php?rest_route=\/wp\/v2\/users\/1"}],"replies":[{"embeddable":true,"href":"https:\/\/encuentroinformativo.com.mx\/index.php?rest_route=%2Fwp%2Fv2%2Fcomments&post=31476"}],"version-history":[{"count":1,"href":"https:\/\/encuentroinformativo.com.mx\/index.php?rest_route=\/wp\/v2\/posts\/31476\/revisions"}],"predecessor-version":[{"id":31478,"href":"https:\/\/encuentroinformativo.com.mx\/index.php?rest_route=\/wp\/v2\/posts\/31476\/revisions\/31478"}],"wp:featuredmedia":[{"embeddable":true,"href":"https:\/\/encuentroinformativo.com.mx\/index.php?rest_route=\/wp\/v2\/media\/31477"}],"wp:attachment":[{"href":"https:\/\/encuentroinformativo.com.mx\/index.php?rest_route=%2Fwp%2Fv2%2Fmedia&parent=31476"}],"wp:term":[{"taxonomy":"category","embeddable":true,"href":"https:\/\/encuentroinformativo.com.mx\/index.php?rest_route=%2Fwp%2Fv2%2Fcategories&post=31476"},{"taxonomy":"post_tag","embeddable":true,"href":"https:\/\/encuentroinformativo.com.mx\/index.php?rest_route=%2Fwp%2Fv2%2Ftags&post=31476"}],"curies":[{"name":"wp","href":"https:\/\/api.w.org\/{rel}","templated":true}]}}