{"id":31482,"date":"2022-09-09T12:36:39","date_gmt":"2022-09-09T17:36:39","guid":{"rendered":"https:\/\/encuentroinformativo.com.mx\/?p=31482"},"modified":"2022-09-09T12:36:43","modified_gmt":"2022-09-09T17:36:43","slug":"anuncian-semana-de-la-moda-artesanal","status":"publish","type":"post","link":"https:\/\/encuentroinformativo.com.mx\/?p=31482","title":{"rendered":"Anuncian semana de la moda Artesanal"},"content":{"rendered":"\n<p><strong>Juan Arcos <\/strong><\/p>\n\n\n\n<p>Xalapa, Ver.- Del 25 al 30 de septiembre se realizar\u00e1 la Semana de la Moda Artesanal en Plaza Sebasti\u00e1n Lerdo de Tejada de esta ciudad de Xalapa, para promover la cultura y las tradiciones de la entidad.<\/p>\n\n\n\n<p>El presidente de la asociaci\u00f3n civil Xante Turismo, Cultura y Sociedad, Ulises G\u00f3mez Contreras, dio a conocer que se trata de la primera edici\u00f3n de este tipo de eventos que se realizar\u00eda a nivel nacional.<\/p>\n\n\n\n<p>En la exposici\u00f3n de las artesan\u00edas y los talleres participar\u00e1n maestras y maestros, as\u00ed como dise\u00f1adores tradicionales y no tradicionales.<\/p>\n\n\n\n<p>\u201cSe pretende tener a las empresas nacionales e internacionales para que puedan conocer el trabajo de las mujeres ind\u00edgenas y de los hombres ind\u00edgenas, y de las comunidades creativas del estado de Veracruz\u201d, expres\u00f3.<\/p>\n\n\n\n<p>En esta primera edici\u00f3n se presentar\u00e1 un desfile de moda donde lucir\u00e1n los atuendos de las diferentes zonas ind\u00edgenas que hay en el estado de Veracruz.<\/p>\n\n\n\n<p>El acceso ser\u00e1 gratuito y la expoventa se realizar\u00e1 en la plaza p\u00fablica, frente al Palacio de Gobierno, pues se obtuvieron los permisos correspondientes.<\/p>\n\n\n\n<p>\u201cFue un logro obtener la plaza Lerdo. Se da la oportunidad a que este proyecto entre al programa Orgullo Veracruzano y el agradecimiento al secretario de Gobierno, Eric Cisneros, porque lo aprob\u00f3\u201d, a\u00f1adi\u00f3 G\u00f3mez Contreras.<\/p>\n\n\n\n<p>Se busca que el evento pueda realizarse cada a\u00f1os, como ocurre en otros sitios con la Semana de la Moda en Nueva York y en Mil\u00e1n.<\/p>\n\n\n\n<p>\u201cSer\u00eda la primera semana de la moda a nivel nacional. Es un espacio de encuentro entre maestras y maestros artesanos\u201d, enfatiz\u00f3 el Presidente de Xante.<\/p>\n","protected":false},"excerpt":{"rendered":"<p>Juan Arcos Xalapa, Ver.- Del 25 al 30 de septiembre se realizar\u00e1 la Semana de la Moda Artesanal en Plaza Sebasti\u00e1n Lerdo de Tejada de esta ciudad de Xalapa, para promover la cultura y las tradiciones de la entidad. El presidente de la asociaci\u00f3n civil Xante Turismo, Cultura y Sociedad, Ulises G\u00f3mez Contreras, dio a [&hellip;]<\/p>\n","protected":false},"author":1,"featured_media":31483,"comment_status":"open","ping_status":"open","sticky":false,"template":"","format":"standard","meta":{"_jetpack_memberships_contains_paid_content":false,"footnotes":""},"categories":[3],"tags":[],"class_list":["post-31482","post","type-post","status-publish","format-standard","has-post-thumbnail","hentry","category-xalapa"],"jetpack_featured_media_url":"https:\/\/encuentroinformativo.com.mx\/wp-content\/uploads\/2022\/09\/278A6AE8-5F46-4639-924D-9E613DF1A5D1.jpeg","jetpack_sharing_enabled":true,"jetpack_likes_enabled":true,"amp_enabled":true,"_links":{"self":[{"href":"https:\/\/encuentroinformativo.com.mx\/index.php?rest_route=\/wp\/v2\/posts\/31482","targetHints":{"allow":["GET"]}}],"collection":[{"href":"https:\/\/encuentroinformativo.com.mx\/index.php?rest_route=\/wp\/v2\/posts"}],"about":[{"href":"https:\/\/encuentroinformativo.com.mx\/index.php?rest_route=\/wp\/v2\/types\/post"}],"author":[{"embeddable":true,"href":"https:\/\/encuentroinformativo.com.mx\/index.php?rest_route=\/wp\/v2\/users\/1"}],"replies":[{"embeddable":true,"href":"https:\/\/encuentroinformativo.com.mx\/index.php?rest_route=%2Fwp%2Fv2%2Fcomments&post=31482"}],"version-history":[{"count":1,"href":"https:\/\/encuentroinformativo.com.mx\/index.php?rest_route=\/wp\/v2\/posts\/31482\/revisions"}],"predecessor-version":[{"id":31484,"href":"https:\/\/encuentroinformativo.com.mx\/index.php?rest_route=\/wp\/v2\/posts\/31482\/revisions\/31484"}],"wp:featuredmedia":[{"embeddable":true,"href":"https:\/\/encuentroinformativo.com.mx\/index.php?rest_route=\/wp\/v2\/media\/31483"}],"wp:attachment":[{"href":"https:\/\/encuentroinformativo.com.mx\/index.php?rest_route=%2Fwp%2Fv2%2Fmedia&parent=31482"}],"wp:term":[{"taxonomy":"category","embeddable":true,"href":"https:\/\/encuentroinformativo.com.mx\/index.php?rest_route=%2Fwp%2Fv2%2Fcategories&post=31482"},{"taxonomy":"post_tag","embeddable":true,"href":"https:\/\/encuentroinformativo.com.mx\/index.php?rest_route=%2Fwp%2Fv2%2Ftags&post=31482"}],"curies":[{"name":"wp","href":"https:\/\/api.w.org\/{rel}","templated":true}]}}