{"id":31504,"date":"2022-09-09T17:23:42","date_gmt":"2022-09-09T22:23:42","guid":{"rendered":"https:\/\/encuentroinformativo.com.mx\/?p=31504"},"modified":"2022-09-09T17:23:47","modified_gmt":"2022-09-09T22:23:47","slug":"busca-ivd-al-mejor-atleta-veracruzano-del-2022","status":"publish","type":"post","link":"https:\/\/encuentroinformativo.com.mx\/?p=31504","title":{"rendered":"Busca IVD al mejor atleta veracruzano del 2022"},"content":{"rendered":"\n<p><strong>Alejandro \u00c1vila<\/strong><\/p>\n\n\n\n<p>Veracruz, Ver.- El Instituto Veracruzano del Deporte (IVD) lanz\u00f3 la convocatoria para elegir al mejor atleta del 2022.<\/p>\n\n\n\n<p>Los interesados podr\u00e1n mandar su curr\u00edculum v\u00eda electr\u00f3nica al correo oficial del IVD; cabe mencionar que, el per\u00edodo a calificar es, del 11 de octubre 2021 al 11 octubre 2022, por lo que aquellos atletas que hayan obtenido los mejores resultados durante este lapso, ser\u00e1n los que mayores opciones tengan de obtener el galard\u00f3n de manos del gobernador Cuitl\u00e1huac Garc\u00eda Jim\u00e9nez.<\/p>\n\n\n\n<p>El director general del Instituto Veracruzano del Deporte, Jos\u00e9 Alberto Nava Lozano, revel\u00f3 que las categor\u00edas que se premiar\u00e1n son Mejor Deportista Convencional, Mejor Entrenador Convencional, Mejor Atleta Adaptado, Mejor Entrenador Adaptado y Al Fomento, la Protecci\u00f3n o el Impulso de la Pr\u00e1ctica de los Deportes.<\/p>\n\n\n\n<p>\u201cPodr\u00e1n participar todos los deportistas incorporados a alguna de las Asociaciones Deportivas en cualquiera de los grupos de talento deportivo, seleccionado nacional juvenil y primera fuerza, as\u00ed como los de alto rendimiento.<\/p>\n\n\n\n<p>El periodo para la recepci\u00f3n de candidaturas ser\u00e1 a partir de la publicaci\u00f3n de la convocatoria oficial en el portal&nbsp;www.ivd.gob.mx&nbsp;y las redes sociales del Instituto Veracruzano del Deporte, hasta el 15 de octubre del 2022.&nbsp;<\/p>\n\n\n\n<p>Dichos documentos se entregar\u00e1n de manera digital al Departamento de Calidad para el Deporte del Instituto Veracruzano del Deporte, de la siguiente forma:&nbsp;<\/p>\n\n\n\n<p>Por correo electr\u00f3nico:&nbsp;premioestataldeldeporte.ivd2022@gmail.com, adem\u00e1s de escanear los originales por ambos lados y por separado, agregando nombre del archivo de acuerdo al documento correspondiente. Los archivos deber\u00e1n guardarse el formato PDF con un peso m\u00e1ximo de 1MB cada uno.&nbsp;<\/p>\n\n\n\n<p>Los requisitos son: una carta emitida en el presente a\u00f1o por alguna de las asociaciones deportivas nacionales u organismos se\u00f1alados en la convocatoria; ser mexicana de nacimiento o naturalizaci\u00f3n, comprobado mediante la copia del Acta de Nacimiento.<\/p>\n\n\n\n<p>Deber\u00e1 presentar tambi\u00e9n curr\u00edculum deportivo con copia de documentos que lo avalen, una fotograf\u00eda tama\u00f1o infantil, copia de identificaci\u00f3n oficial vigente y hoja de registro oficial debidamente requisitada, la cual estar\u00e1 disponible en el portal&nbsp;www.ivd.gob.mx&nbsp;o bien en las respectivas redes sociales del Instituto Veracruzano del Deporte.&nbsp;<\/p>\n\n\n\n<p>\u201cLas propuestas deber\u00e1n reunir la totalidad de los requisitos para ser tomados en cuenta y \u00fanicamente deber\u00e1n incluirse los logros deportivos obtenidos en el periodo de evaluaci\u00f3n de lo contrario ser\u00e1n descalificados\u201d, precis\u00f3.<\/p>\n\n\n\n<p>El proceso de insaculaci\u00f3n del jurado calificador se realizar\u00e1 el pr\u00f3ximo 17 de octubre en lugar y hora por designar. Como novedad, ese mismo d\u00eda que se elija al jurado se les har\u00e1 entrega de las propuestas deportivas para que tengan una semana de an\u00e1lisis para la elecci\u00f3n de las y los ganadores, la cual est\u00e1 programada para el 24 de octubre en hora y lugar por designar.&nbsp;<\/p>\n","protected":false},"excerpt":{"rendered":"<p>Alejandro \u00c1vila Veracruz, Ver.- El Instituto Veracruzano del Deporte (IVD) lanz\u00f3 la convocatoria para elegir al mejor atleta del 2022. Los interesados podr\u00e1n mandar su curr\u00edculum v\u00eda electr\u00f3nica al correo oficial del IVD; cabe mencionar que, el per\u00edodo a calificar es, del 11 de octubre 2021 al 11 octubre 2022, por lo que aquellos atletas [&hellip;]<\/p>\n","protected":false},"author":1,"featured_media":31505,"comment_status":"open","ping_status":"open","sticky":false,"template":"","format":"standard","meta":{"_jetpack_memberships_contains_paid_content":false,"footnotes":""},"categories":[2],"tags":[],"class_list":["post-31504","post","type-post","status-publish","format-standard","has-post-thumbnail","hentry","category-estado"],"jetpack_featured_media_url":"https:\/\/encuentroinformativo.com.mx\/wp-content\/uploads\/2022\/09\/CBA39185-7810-4491-A82E-2722116EB335.jpeg","jetpack_sharing_enabled":true,"jetpack_likes_enabled":true,"amp_enabled":true,"_links":{"self":[{"href":"https:\/\/encuentroinformativo.com.mx\/index.php?rest_route=\/wp\/v2\/posts\/31504","targetHints":{"allow":["GET"]}}],"collection":[{"href":"https:\/\/encuentroinformativo.com.mx\/index.php?rest_route=\/wp\/v2\/posts"}],"about":[{"href":"https:\/\/encuentroinformativo.com.mx\/index.php?rest_route=\/wp\/v2\/types\/post"}],"author":[{"embeddable":true,"href":"https:\/\/encuentroinformativo.com.mx\/index.php?rest_route=\/wp\/v2\/users\/1"}],"replies":[{"embeddable":true,"href":"https:\/\/encuentroinformativo.com.mx\/index.php?rest_route=%2Fwp%2Fv2%2Fcomments&post=31504"}],"version-history":[{"count":1,"href":"https:\/\/encuentroinformativo.com.mx\/index.php?rest_route=\/wp\/v2\/posts\/31504\/revisions"}],"predecessor-version":[{"id":31506,"href":"https:\/\/encuentroinformativo.com.mx\/index.php?rest_route=\/wp\/v2\/posts\/31504\/revisions\/31506"}],"wp:featuredmedia":[{"embeddable":true,"href":"https:\/\/encuentroinformativo.com.mx\/index.php?rest_route=\/wp\/v2\/media\/31505"}],"wp:attachment":[{"href":"https:\/\/encuentroinformativo.com.mx\/index.php?rest_route=%2Fwp%2Fv2%2Fmedia&parent=31504"}],"wp:term":[{"taxonomy":"category","embeddable":true,"href":"https:\/\/encuentroinformativo.com.mx\/index.php?rest_route=%2Fwp%2Fv2%2Fcategories&post=31504"},{"taxonomy":"post_tag","embeddable":true,"href":"https:\/\/encuentroinformativo.com.mx\/index.php?rest_route=%2Fwp%2Fv2%2Ftags&post=31504"}],"curies":[{"name":"wp","href":"https:\/\/api.w.org\/{rel}","templated":true}]}}