{"id":3151,"date":"2020-06-07T13:39:46","date_gmt":"2020-06-07T18:39:46","guid":{"rendered":"https:\/\/encuentroinformativo.com\/?p=3151"},"modified":"2020-06-07T13:39:48","modified_gmt":"2020-06-07T18:39:48","slug":"recibiran-microcreditos-comerciantes-de-coatepec","status":"publish","type":"post","link":"https:\/\/encuentroinformativo.com.mx\/?p=3151","title":{"rendered":"Recibir\u00e1n microcr\u00e9ditos comerciantes de Coatepec"},"content":{"rendered":"\n<p><strong>Juan Arcos <\/strong><\/p>\n\n\n\n<p>Coatepec, Ver.- Empresarios y comerciantes de Coatepec afectados por la pandemia del Covid-19 ser\u00e1n beneficiados con 2 mil microcr\u00e9ditos por parte del gobierno federal.<\/p>\n\n\n\n<p>As\u00ed lo dio a conocer el regidor tercero del Pueblo M\u00e1gico, Jorge Ignacio Luna Hern\u00e1ndez, quien a\u00f1adi\u00f3 que cada pr\u00e9stamo ser\u00eda de 25 mil pesos para ayudar a la reactivaci\u00f3n econ\u00f3mica en la regi\u00f3n.<\/p>\n\n\n\n<p>El entrevistado detall\u00f3 que la Federaci\u00f3n est\u00e1 invirtiendo 50 millones de pesos para otorgar los microcr\u00e9ditos en Coatepec.<\/p>\n\n\n\n<p>\u201cPor ello hay que estar agradecidos con el gobierno federal, yo le agradezco bastante al gobierno federal el que vea en Coatepec una oportunidad para poder reactivar de manera econ\u00f3mica la regi\u00f3n, que podamos salir avante de esta crisis que eventualmente va a requerir del esfuerzo de todas y de todos los coatepecanos\u201d, a\u00f1adi\u00f3.<\/p>\n\n\n\n<p>El funcionario municipal enfatiz\u00f3 que la pandemia del Covid-19 no ha terminado y en Coatepec a\u00fan no es posible volver a la normalidad porque contin\u00faan los contagios.<\/p>\n\n\n\n<p>\u201cHan vuelto a la normalidad algunos municipios, algunos lugares donde no hay contagios; sin embargo, Coatepec no es el caso, no hay motivo para relajar las medidas de protecci\u00f3n contra la transmisi\u00f3n, la propagaci\u00f3n del coronavirus\u201d.<\/p>\n\n\n\n<p>Luna Hern\u00e1ndez mencion\u00f3 que cuando haya pasado la fase tres, de contagios masivos, se podr\u00e1 recuperar la rutina y la actividad econ\u00f3mica, misma que se ha visto afectada por la suspensi\u00f3n de actividades comerciales durante la contingencia sanitaria.<\/p>\n\n\n\n<p>Cabe destacar que hasta la noche del s\u00e1bado, la Secretar\u00eda de Salud de Veracruz report\u00f3 11 casos confirmados, 14 en investigaci\u00f3n y dos defunciones por Covid-19 en Coatepec.<\/p>\n\n\n\n<p><\/p>\n","protected":false},"excerpt":{"rendered":"<p>Juan Arcos Coatepec, Ver.- Empresarios y comerciantes de Coatepec afectados por la pandemia del Covid-19 ser\u00e1n beneficiados con 2 mil microcr\u00e9ditos por parte del gobierno federal. As\u00ed lo dio a conocer el regidor tercero del Pueblo M\u00e1gico, Jorge Ignacio Luna Hern\u00e1ndez, quien a\u00f1adi\u00f3 que cada pr\u00e9stamo ser\u00eda de 25 mil pesos para ayudar a la [&hellip;]<\/p>\n","protected":false},"author":1,"featured_media":3152,"comment_status":"open","ping_status":"open","sticky":false,"template":"","format":"standard","meta":{"_jetpack_memberships_contains_paid_content":false,"footnotes":""},"categories":[8],"tags":[],"class_list":["post-3151","post","type-post","status-publish","format-standard","has-post-thumbnail","hentry","category-region"],"jetpack_featured_media_url":"https:\/\/encuentroinformativo.com.mx\/wp-content\/uploads\/2020\/06\/4D62714E-FB84-4925-8963-22CA170FDC6F.jpeg","jetpack_sharing_enabled":true,"jetpack_likes_enabled":true,"amp_enabled":true,"_links":{"self":[{"href":"https:\/\/encuentroinformativo.com.mx\/index.php?rest_route=\/wp\/v2\/posts\/3151","targetHints":{"allow":["GET"]}}],"collection":[{"href":"https:\/\/encuentroinformativo.com.mx\/index.php?rest_route=\/wp\/v2\/posts"}],"about":[{"href":"https:\/\/encuentroinformativo.com.mx\/index.php?rest_route=\/wp\/v2\/types\/post"}],"author":[{"embeddable":true,"href":"https:\/\/encuentroinformativo.com.mx\/index.php?rest_route=\/wp\/v2\/users\/1"}],"replies":[{"embeddable":true,"href":"https:\/\/encuentroinformativo.com.mx\/index.php?rest_route=%2Fwp%2Fv2%2Fcomments&post=3151"}],"version-history":[{"count":1,"href":"https:\/\/encuentroinformativo.com.mx\/index.php?rest_route=\/wp\/v2\/posts\/3151\/revisions"}],"predecessor-version":[{"id":3153,"href":"https:\/\/encuentroinformativo.com.mx\/index.php?rest_route=\/wp\/v2\/posts\/3151\/revisions\/3153"}],"wp:featuredmedia":[{"embeddable":true,"href":"https:\/\/encuentroinformativo.com.mx\/index.php?rest_route=\/wp\/v2\/media\/3152"}],"wp:attachment":[{"href":"https:\/\/encuentroinformativo.com.mx\/index.php?rest_route=%2Fwp%2Fv2%2Fmedia&parent=3151"}],"wp:term":[{"taxonomy":"category","embeddable":true,"href":"https:\/\/encuentroinformativo.com.mx\/index.php?rest_route=%2Fwp%2Fv2%2Fcategories&post=3151"},{"taxonomy":"post_tag","embeddable":true,"href":"https:\/\/encuentroinformativo.com.mx\/index.php?rest_route=%2Fwp%2Fv2%2Ftags&post=3151"}],"curies":[{"name":"wp","href":"https:\/\/api.w.org\/{rel}","templated":true}]}}