{"id":31515,"date":"2022-09-10T13:02:21","date_gmt":"2022-09-10T18:02:21","guid":{"rendered":"https:\/\/encuentroinformativo.com.mx\/?p=31515"},"modified":"2022-09-10T13:02:24","modified_gmt":"2022-09-10T18:02:24","slug":"realizan-exhibicion-y-competencia-de-natacion-en-veracruz-puerto","status":"publish","type":"post","link":"https:\/\/encuentroinformativo.com.mx\/?p=31515","title":{"rendered":"Realizan exhibici\u00f3n y competencia de nataci\u00f3n en Veracruz puerto"},"content":{"rendered":"\n<p><strong>Alejandro \u00c1vila<\/strong><\/p>\n\n\n\n<p>Veracruz, Ver.- Este s\u00e1bado 10 de septiembre se realiz\u00f3 en la Unidad Deportiva &#8220;Salvador Campa&#8221;, una exhibici\u00f3n de nataci\u00f3n y competencia de inter unidades, inform\u00f3 el director de Fomento Deportivo, Jos\u00e9 Antonio Salvatori Arjona.<\/p>\n\n\n\n<p>En este evento participaron alrededor de 500 ni\u00f1os que en el mes de marzo iniciaron sus cursos de nataci\u00f3n gratuita bajo el apoyo del Ayuntamiento de Veracruz.<\/p>\n\n\n\n<p>&#8220;Esto es con la finalidad de demostrar que es lo qu\u00e9 aprendieron los ni\u00f1os a trav\u00e9s de estos seis o siete meses que estuvieron en clases&#8221;, subray\u00f3.<\/p>\n\n\n\n<p>Salvatoria Arjona record\u00f3 que, a principios del mes de diciembre y debido a las bajas temperaturas las albercas son clausurado temporalmente; aprovechando as\u00ed el personal del Ayuntamiento para darles mantenimiento y tenerlas listas en el siguiente ciclo de nataci\u00f3n, el cual iniciar\u00e1 en marzo del 2023.<\/p>\n\n\n\n<p>&#8220;Lo que se cierra son las albercas de lo que viene siendo la Unidad Deportiva &#8220;El Hoyo&#8221;, &#8220;Salvador Campa&#8221;, Unidad Deportiva &#8220;Brisas&#8221; y lo que viene siendo el Parque &#8220;Viveros&#8221;, agreg\u00f3.<\/p>\n\n\n\n<p>Todos los ni\u00f1os que participaron en la exhibici\u00f3n fueron acreedores de un diploma y un gorro de nataci\u00f3n por parte del Ayuntamiento de Veracruz.<\/p>\n","protected":false},"excerpt":{"rendered":"<p>Alejandro \u00c1vila Veracruz, Ver.- Este s\u00e1bado 10 de septiembre se realiz\u00f3 en la Unidad Deportiva &#8220;Salvador Campa&#8221;, una exhibici\u00f3n de nataci\u00f3n y competencia de inter unidades, inform\u00f3 el director de Fomento Deportivo, Jos\u00e9 Antonio Salvatori Arjona. En este evento participaron alrededor de 500 ni\u00f1os que en el mes de marzo iniciaron sus cursos de nataci\u00f3n [&hellip;]<\/p>\n","protected":false},"author":1,"featured_media":31516,"comment_status":"open","ping_status":"open","sticky":false,"template":"","format":"standard","meta":{"_jetpack_memberships_contains_paid_content":false,"footnotes":""},"categories":[2],"tags":[],"class_list":["post-31515","post","type-post","status-publish","format-standard","has-post-thumbnail","hentry","category-estado"],"jetpack_featured_media_url":"https:\/\/encuentroinformativo.com.mx\/wp-content\/uploads\/2022\/09\/0467907A-484E-4391-B584-3EF2DAF89AEC.jpeg","jetpack_sharing_enabled":true,"jetpack_likes_enabled":true,"amp_enabled":true,"_links":{"self":[{"href":"https:\/\/encuentroinformativo.com.mx\/index.php?rest_route=\/wp\/v2\/posts\/31515","targetHints":{"allow":["GET"]}}],"collection":[{"href":"https:\/\/encuentroinformativo.com.mx\/index.php?rest_route=\/wp\/v2\/posts"}],"about":[{"href":"https:\/\/encuentroinformativo.com.mx\/index.php?rest_route=\/wp\/v2\/types\/post"}],"author":[{"embeddable":true,"href":"https:\/\/encuentroinformativo.com.mx\/index.php?rest_route=\/wp\/v2\/users\/1"}],"replies":[{"embeddable":true,"href":"https:\/\/encuentroinformativo.com.mx\/index.php?rest_route=%2Fwp%2Fv2%2Fcomments&post=31515"}],"version-history":[{"count":1,"href":"https:\/\/encuentroinformativo.com.mx\/index.php?rest_route=\/wp\/v2\/posts\/31515\/revisions"}],"predecessor-version":[{"id":31517,"href":"https:\/\/encuentroinformativo.com.mx\/index.php?rest_route=\/wp\/v2\/posts\/31515\/revisions\/31517"}],"wp:featuredmedia":[{"embeddable":true,"href":"https:\/\/encuentroinformativo.com.mx\/index.php?rest_route=\/wp\/v2\/media\/31516"}],"wp:attachment":[{"href":"https:\/\/encuentroinformativo.com.mx\/index.php?rest_route=%2Fwp%2Fv2%2Fmedia&parent=31515"}],"wp:term":[{"taxonomy":"category","embeddable":true,"href":"https:\/\/encuentroinformativo.com.mx\/index.php?rest_route=%2Fwp%2Fv2%2Fcategories&post=31515"},{"taxonomy":"post_tag","embeddable":true,"href":"https:\/\/encuentroinformativo.com.mx\/index.php?rest_route=%2Fwp%2Fv2%2Ftags&post=31515"}],"curies":[{"name":"wp","href":"https:\/\/api.w.org\/{rel}","templated":true}]}}