{"id":31521,"date":"2022-09-10T13:19:17","date_gmt":"2022-09-10T18:19:17","guid":{"rendered":"https:\/\/encuentroinformativo.com.mx\/?p=31521"},"modified":"2022-09-10T13:19:22","modified_gmt":"2022-09-10T18:19:22","slug":"comision-de-busqueda-atiende-180-reportes-mensuales","status":"publish","type":"post","link":"https:\/\/encuentroinformativo.com.mx\/?p=31521","title":{"rendered":"Comisi\u00f3n de B\u00fasqueda atiende  180 reportes mensuales"},"content":{"rendered":"\n<p><strong>Dar\u00edo Pale <\/strong><\/p>\n\n\n\n<p>Xalapa, Ver.- Brenda Cer\u00f3n Chagoya, encargada de despacho de la Comisi\u00f3n Estatal de B\u00fasqueda dio a conocer que en la presente administraci\u00f3n han reportado la desaparici\u00f3n de al menos mil 200 veracruzanos, de ese total, 360 personas siguen sin ser localizadas.<\/p>\n\n\n\n<p>En entrevista se\u00f1al\u00f3 que seg\u00fan la Comisi\u00f3n Estatal de B\u00fasqueda de Veracruz y de acuerdo al hist\u00f3rico de la Base de Datos se han reportado un total de 7 mil 200 casos de desapariciones desde el a\u00f1o 2006 a la fecha.<\/p>\n\n\n\n<p>De ese total, el 70 por ciento de los casos corresponde a denuncias presentadas desde el 2006 al 2016; \u201cnosotros tenemos la obligaci\u00f3n de registrar todos los reportes que nos llegan. En un mes atendemos casi 180 reportes\u201d.<\/p>\n\n\n\n<p>Explic\u00f3 que las 180 fichas que se generan cada mes, el 70 por ciento de las personas son localizadas y regresan con su familia, solo el otro 30 por ciento est\u00e1 vinculado a un delito y sigue en calidad de desaparecido.<\/p>\n\n\n\n<p>La encargada de despacho explic\u00f3 que \u00a0en lo que va de la administraci\u00f3n de Cuitl\u00e1huac Garc\u00eda se han reportado un total de mil 200 desapariciones; el 30 por ciento sigue en calidad de no localizado, lo que equivale a 360 personas.<\/p>\n\n\n\n<p>Cer\u00f3n Chagoya reconoci\u00f3 que es la zona centro de Veracruz, la regi\u00f3n de C\u00f3rdoba, Orizaba e Ixtaczoquitl\u00e1n, donde se concentra el mayor n\u00famero de casos de desaparici\u00f3n.<\/p>\n\n\n\n<p>\u201cHemos tenido recuperaciones de personas sin vida, desafortunadamente (\u2026) se nos informa sobre el n\u00famero de personas que han sido identificadas y entregadas a su familia, el 3 por ciento es de personas localizadas sin vida\u201d.<\/p>\n\n\n\n<p>Recientemente Colectivos de B\u00fasqueda aseguraron que existe un subregistro en el n\u00famero de desaparecidos, pues los datos oficiales no coinciden con los casos a los que ellos dan acompa\u00f1amiento; sumado a que existe un gran n\u00famero de personas que no est\u00e1n integradas con ellos.<\/p>\n\n\n\n<p>Finalmente al ser cuestionada por la queja de que los polic\u00edas est\u00e1n involucrados en la desaparici\u00f3n forzada, asegur\u00f3 que la comisi\u00f3n no tiene atribuciones para determinar en qu\u00e9 casos est\u00e1n involucrados polic\u00edas, eso es competencia de la Fiscal\u00eda.<\/p>\n","protected":false},"excerpt":{"rendered":"<p>Dar\u00edo Pale Xalapa, Ver.- Brenda Cer\u00f3n Chagoya, encargada de despacho de la Comisi\u00f3n Estatal de B\u00fasqueda dio a conocer que en la presente administraci\u00f3n han reportado la desaparici\u00f3n de al menos mil 200 veracruzanos, de ese total, 360 personas siguen sin ser localizadas. En entrevista se\u00f1al\u00f3 que seg\u00fan la Comisi\u00f3n Estatal de B\u00fasqueda de Veracruz [&hellip;]<\/p>\n","protected":false},"author":1,"featured_media":31522,"comment_status":"open","ping_status":"open","sticky":false,"template":"","format":"standard","meta":{"_jetpack_memberships_contains_paid_content":false,"footnotes":""},"categories":[2],"tags":[],"class_list":["post-31521","post","type-post","status-publish","format-standard","has-post-thumbnail","hentry","category-estado"],"jetpack_featured_media_url":"https:\/\/encuentroinformativo.com.mx\/wp-content\/uploads\/2022\/09\/D5618AC3-AE75-49AC-BFE2-DF8208AA2265.jpeg","jetpack_sharing_enabled":true,"jetpack_likes_enabled":true,"amp_enabled":true,"_links":{"self":[{"href":"https:\/\/encuentroinformativo.com.mx\/index.php?rest_route=\/wp\/v2\/posts\/31521","targetHints":{"allow":["GET"]}}],"collection":[{"href":"https:\/\/encuentroinformativo.com.mx\/index.php?rest_route=\/wp\/v2\/posts"}],"about":[{"href":"https:\/\/encuentroinformativo.com.mx\/index.php?rest_route=\/wp\/v2\/types\/post"}],"author":[{"embeddable":true,"href":"https:\/\/encuentroinformativo.com.mx\/index.php?rest_route=\/wp\/v2\/users\/1"}],"replies":[{"embeddable":true,"href":"https:\/\/encuentroinformativo.com.mx\/index.php?rest_route=%2Fwp%2Fv2%2Fcomments&post=31521"}],"version-history":[{"count":1,"href":"https:\/\/encuentroinformativo.com.mx\/index.php?rest_route=\/wp\/v2\/posts\/31521\/revisions"}],"predecessor-version":[{"id":31523,"href":"https:\/\/encuentroinformativo.com.mx\/index.php?rest_route=\/wp\/v2\/posts\/31521\/revisions\/31523"}],"wp:featuredmedia":[{"embeddable":true,"href":"https:\/\/encuentroinformativo.com.mx\/index.php?rest_route=\/wp\/v2\/media\/31522"}],"wp:attachment":[{"href":"https:\/\/encuentroinformativo.com.mx\/index.php?rest_route=%2Fwp%2Fv2%2Fmedia&parent=31521"}],"wp:term":[{"taxonomy":"category","embeddable":true,"href":"https:\/\/encuentroinformativo.com.mx\/index.php?rest_route=%2Fwp%2Fv2%2Fcategories&post=31521"},{"taxonomy":"post_tag","embeddable":true,"href":"https:\/\/encuentroinformativo.com.mx\/index.php?rest_route=%2Fwp%2Fv2%2Ftags&post=31521"}],"curies":[{"name":"wp","href":"https:\/\/api.w.org\/{rel}","templated":true}]}}