{"id":31524,"date":"2022-09-10T15:46:16","date_gmt":"2022-09-10T20:46:16","guid":{"rendered":"https:\/\/encuentroinformativo.com.mx\/?p=31524"},"modified":"2022-09-10T15:46:24","modified_gmt":"2022-09-10T20:46:24","slug":"continuare-en-recorridos-por-veracruz-gutierrez-luna","status":"publish","type":"post","link":"https:\/\/encuentroinformativo.com.mx\/?p=31524","title":{"rendered":"Continuar\u00e9 en recorridos por Veracruz: Guti\u00e9rrez Luna"},"content":{"rendered":"\n<p><strong>Dar\u00edo Pale <\/strong><\/p>\n\n\n\n<p>Xalapa, Ver.- El diputado federal de Morena, Sergio Guti\u00e9rrez Luna dio a conocer que a pesar de ya no ser presidente de la mesa directiva del congreso de la la Uni\u00f3n continuar\u00e1 realizando recorridos por todo el estado.<\/p>\n\n\n\n<p>Entrevistado en el parque Ju\u00e1rez de Xalapa coment\u00f3 que, el d\u00eda de ayer entregaron el proyecto de presupuesto de la federaci\u00f3n el cual est\u00e1n analizando ya que es muy amplio y est\u00e1n viendo los cambios en las inversiones de las secretar\u00edas y para el pr\u00f3ximo lunes o martes tendr\u00e1 m\u00e1s detallado lo que le corresponde a Veracruz.<\/p>\n\n\n\n<p>Ya tendr\u00e1 las obras espec\u00edficas donde ser\u00e1n adem\u00e1s de cu\u00e1l va a ser el aporte que la federaci\u00f3n tenga para el estado ya que tienen que desglosar por sectores y transversalmente ya que las obras vienen en diferentes rubros, para Veracruz se incrementa el presupuesto.<\/p>\n\n\n\n<p>En lo que se refiere a la aprobaci\u00f3n de la Guardia Nacional se\u00f1al\u00f3 que las cuatro reformas para blindar a la misma, aunque tambi\u00e9n est\u00e1 en debate la iniciativa que present\u00f3 el PRI para ampliar el periodo en el que estar\u00e1 la guardia nacional del 2024 al 2028.<\/p>\n\n\n\n<p>Finalmente al cuestionarlo sobre qu\u00e9 viene ahora pare \u00e9l dijo que va a recorrer el estado y a visitar los parques, saludar a las personas, caminar y redoblar los esfuerzos adem\u00e1s de que visitar\u00e1 todas y cada uno una de las regiones del estado platicando con todos y aduciendo un proyecto plural incluyente y amplio, donde la gente quiera estar y participar.<\/p>\n","protected":false},"excerpt":{"rendered":"<p>Dar\u00edo Pale Xalapa, Ver.- El diputado federal de Morena, Sergio Guti\u00e9rrez Luna dio a conocer que a pesar de ya no ser presidente de la mesa directiva del congreso de la la Uni\u00f3n continuar\u00e1 realizando recorridos por todo el estado. Entrevistado en el parque Ju\u00e1rez de Xalapa coment\u00f3 que, el d\u00eda de ayer entregaron el [&hellip;]<\/p>\n","protected":false},"author":1,"featured_media":31525,"comment_status":"open","ping_status":"open","sticky":false,"template":"","format":"standard","meta":{"_jetpack_memberships_contains_paid_content":false,"footnotes":""},"categories":[2],"tags":[],"class_list":["post-31524","post","type-post","status-publish","format-standard","has-post-thumbnail","hentry","category-estado"],"jetpack_featured_media_url":"https:\/\/encuentroinformativo.com.mx\/wp-content\/uploads\/2022\/09\/6F180300-98A9-4CA9-8CA9-0D896C5C54DF.jpeg","jetpack_sharing_enabled":true,"jetpack_likes_enabled":true,"amp_enabled":true,"_links":{"self":[{"href":"https:\/\/encuentroinformativo.com.mx\/index.php?rest_route=\/wp\/v2\/posts\/31524","targetHints":{"allow":["GET"]}}],"collection":[{"href":"https:\/\/encuentroinformativo.com.mx\/index.php?rest_route=\/wp\/v2\/posts"}],"about":[{"href":"https:\/\/encuentroinformativo.com.mx\/index.php?rest_route=\/wp\/v2\/types\/post"}],"author":[{"embeddable":true,"href":"https:\/\/encuentroinformativo.com.mx\/index.php?rest_route=\/wp\/v2\/users\/1"}],"replies":[{"embeddable":true,"href":"https:\/\/encuentroinformativo.com.mx\/index.php?rest_route=%2Fwp%2Fv2%2Fcomments&post=31524"}],"version-history":[{"count":1,"href":"https:\/\/encuentroinformativo.com.mx\/index.php?rest_route=\/wp\/v2\/posts\/31524\/revisions"}],"predecessor-version":[{"id":31526,"href":"https:\/\/encuentroinformativo.com.mx\/index.php?rest_route=\/wp\/v2\/posts\/31524\/revisions\/31526"}],"wp:featuredmedia":[{"embeddable":true,"href":"https:\/\/encuentroinformativo.com.mx\/index.php?rest_route=\/wp\/v2\/media\/31525"}],"wp:attachment":[{"href":"https:\/\/encuentroinformativo.com.mx\/index.php?rest_route=%2Fwp%2Fv2%2Fmedia&parent=31524"}],"wp:term":[{"taxonomy":"category","embeddable":true,"href":"https:\/\/encuentroinformativo.com.mx\/index.php?rest_route=%2Fwp%2Fv2%2Fcategories&post=31524"},{"taxonomy":"post_tag","embeddable":true,"href":"https:\/\/encuentroinformativo.com.mx\/index.php?rest_route=%2Fwp%2Fv2%2Ftags&post=31524"}],"curies":[{"name":"wp","href":"https:\/\/api.w.org\/{rel}","templated":true}]}}