{"id":31527,"date":"2022-09-10T15:51:58","date_gmt":"2022-09-10T20:51:58","guid":{"rendered":"https:\/\/encuentroinformativo.com.mx\/?p=31527"},"modified":"2022-09-10T15:52:05","modified_gmt":"2022-09-10T20:52:05","slug":"asesinan-a-odontologa-en-boca-del-rio","status":"publish","type":"post","link":"https:\/\/encuentroinformativo.com.mx\/?p=31527","title":{"rendered":"Asesinan a odont\u00f3loga en Boca del R\u00edo"},"content":{"rendered":"\n<p><strong>Alejandro \u00c1vila<br>Fotos: <\/strong>Sergio Aldazaba\/Cortes\u00eda<\/p>\n\n\n\n<p>Boca del R\u00edo, Ver.- La noche de este viernes se report\u00f3 al n\u00famero de emergencias 911, un feminicidio en la colonia Ejido Primero de Mayo Norte en el municipio Boca del R\u00edo.<\/p>\n\n\n\n<p>Los vecinos reportaron que en la cl\u00ednica ubicada frente al cuartel de la SEDENA y a unos metros de la avenida Salvador D\u00edaz Mir\u00f3n, muy cerca de la zona conocida como &#8220;La Boticaria&#8221;, emanaban fuertes olores, y desconoc\u00eda el paradero de la persona que normalmente estaba presente en el comercio, a pesar de haberle llamado telef\u00f3nicamente en reiteradas ocasiones.<\/p>\n\n\n\n<p>Al ingresar las corporaciones policiales encontrar mi cad\u00e1ver, el cual fue identificado como Ludy &#8220;N&#8221; de aproximadamente entre 45 y 50 a\u00f1os de edad, odont\u00f3loga del consultorio &#8220;Dental Norteamericana&#8221;, y d\u00f3nde se presume fue su propio hijo quien le dio muerte.<\/p>\n\n\n\n<p>Los vecinos se\u00f1alaron qu\u00e9 en d\u00edas anteriores escucharon una fuerte discusi\u00f3n entre ambas personas, y se presume que el joven de 25 a\u00f1os y qui\u00e9n padece un trastorno psiqui\u00e1trico, fue quien finalmente perpetr\u00f3 el homicidio.<\/p>\n\n\n\n<p>Param\u00e9dicos acudieron hasta esa direcci\u00f3n para brindarle los primeros auxilios a la odont\u00f3loga, pero desafortunadamente ya no contaba con signos vitales; por lo que los elementos policiales acordonaron el \u00e1rea, y posteriormente entregaron el cuerpo a los servicios periciales.<\/p>\n\n\n\n<p>El presunto feminicida fue detenido y momentos despu\u00e9s fue trasladado a la comandancia de la Fiscal\u00eda General del Estado en donde se determinar\u00e1 su situaci\u00f3n legal en el transcurso de las pr\u00f3ximas horas.<\/p>\n\n\n\n<figure class=\"wp-block-image size-large\"><img loading=\"lazy\" decoding=\"async\" width=\"1024\" height=\"768\" src=\"https:\/\/encuentroinformativo.com.mx\/wp-content\/uploads\/2022\/09\/9A3F0D26-3AC5-4006-A9FB-40F68CE918BF-1024x768.jpeg\" alt=\"\" class=\"wp-image-31529\" srcset=\"https:\/\/encuentroinformativo.com.mx\/wp-content\/uploads\/2022\/09\/9A3F0D26-3AC5-4006-A9FB-40F68CE918BF-1024x768.jpeg 1024w, https:\/\/encuentroinformativo.com.mx\/wp-content\/uploads\/2022\/09\/9A3F0D26-3AC5-4006-A9FB-40F68CE918BF-300x225.jpeg 300w, https:\/\/encuentroinformativo.com.mx\/wp-content\/uploads\/2022\/09\/9A3F0D26-3AC5-4006-A9FB-40F68CE918BF-768x576.jpeg 768w, https:\/\/encuentroinformativo.com.mx\/wp-content\/uploads\/2022\/09\/9A3F0D26-3AC5-4006-A9FB-40F68CE918BF.jpeg 1280w\" sizes=\"auto, (max-width: 1024px) 100vw, 1024px\" \/><\/figure>\n","protected":false},"excerpt":{"rendered":"<p>Alejandro \u00c1vilaFotos: Sergio Aldazaba\/Cortes\u00eda Boca del R\u00edo, Ver.- La noche de este viernes se report\u00f3 al n\u00famero de emergencias 911, un feminicidio en la colonia Ejido Primero de Mayo Norte en el municipio Boca del R\u00edo. Los vecinos reportaron que en la cl\u00ednica ubicada frente al cuartel de la SEDENA y a unos metros de [&hellip;]<\/p>\n","protected":false},"author":1,"featured_media":31528,"comment_status":"open","ping_status":"open","sticky":false,"template":"","format":"standard","meta":{"_jetpack_memberships_contains_paid_content":false,"footnotes":""},"categories":[2],"tags":[],"class_list":["post-31527","post","type-post","status-publish","format-standard","has-post-thumbnail","hentry","category-estado"],"jetpack_featured_media_url":"https:\/\/encuentroinformativo.com.mx\/wp-content\/uploads\/2022\/09\/8211DA99-45DA-46C3-AA63-454CAEFD28C6.jpeg","jetpack_sharing_enabled":true,"jetpack_likes_enabled":true,"amp_enabled":true,"_links":{"self":[{"href":"https:\/\/encuentroinformativo.com.mx\/index.php?rest_route=\/wp\/v2\/posts\/31527","targetHints":{"allow":["GET"]}}],"collection":[{"href":"https:\/\/encuentroinformativo.com.mx\/index.php?rest_route=\/wp\/v2\/posts"}],"about":[{"href":"https:\/\/encuentroinformativo.com.mx\/index.php?rest_route=\/wp\/v2\/types\/post"}],"author":[{"embeddable":true,"href":"https:\/\/encuentroinformativo.com.mx\/index.php?rest_route=\/wp\/v2\/users\/1"}],"replies":[{"embeddable":true,"href":"https:\/\/encuentroinformativo.com.mx\/index.php?rest_route=%2Fwp%2Fv2%2Fcomments&post=31527"}],"version-history":[{"count":1,"href":"https:\/\/encuentroinformativo.com.mx\/index.php?rest_route=\/wp\/v2\/posts\/31527\/revisions"}],"predecessor-version":[{"id":31530,"href":"https:\/\/encuentroinformativo.com.mx\/index.php?rest_route=\/wp\/v2\/posts\/31527\/revisions\/31530"}],"wp:featuredmedia":[{"embeddable":true,"href":"https:\/\/encuentroinformativo.com.mx\/index.php?rest_route=\/wp\/v2\/media\/31528"}],"wp:attachment":[{"href":"https:\/\/encuentroinformativo.com.mx\/index.php?rest_route=%2Fwp%2Fv2%2Fmedia&parent=31527"}],"wp:term":[{"taxonomy":"category","embeddable":true,"href":"https:\/\/encuentroinformativo.com.mx\/index.php?rest_route=%2Fwp%2Fv2%2Fcategories&post=31527"},{"taxonomy":"post_tag","embeddable":true,"href":"https:\/\/encuentroinformativo.com.mx\/index.php?rest_route=%2Fwp%2Fv2%2Ftags&post=31527"}],"curies":[{"name":"wp","href":"https:\/\/api.w.org\/{rel}","templated":true}]}}