{"id":31535,"date":"2022-09-11T16:06:17","date_gmt":"2022-09-11T21:06:17","guid":{"rendered":"https:\/\/encuentroinformativo.com.mx\/?p=31535"},"modified":"2022-09-11T16:06:21","modified_gmt":"2022-09-11T21:06:21","slug":"mueren-12-veracruzanos-en-accidente-de-tamaulipas","status":"publish","type":"post","link":"https:\/\/encuentroinformativo.com.mx\/?p=31535","title":{"rendered":"Mueren 12 veracruzanos en accidente de Tamaulipas"},"content":{"rendered":"\n<p><strong>Juan Arcos <\/strong><\/p>\n\n\n\n<p>Xalapa, Ver.- Hasta este momento se contabilizan 12 veracruzanos que murieron en el accidente carretero ocurrido en el estado de Tamaulipas, la madrugada del s\u00e1bado 10 de septiembre.<\/p>\n\n\n\n<p>El director general de Atenci\u00f3n a Migrantes en Veracruz, Carlos Enrique Escalante Igual, dio a conocer que se trata de tres mujeres y nueve hombres de esta entidad que fallecieron tras el choque entre una pipa y un cami\u00f3n de pasajeros, lo que ocasion\u00f3 un incendio.<\/p>\n\n\n\n<p>Se habla de 20 personas que murieron calcinadas tras este incidente registrado la altura del Ejido San Francisco, municipio de Hidalgo, Tamaulipas.<\/p>\n\n\n\n<p>El funcionario estatal detall\u00f3 que 11 personas eran originarias del municipio de Tantoyuca y otra del municipio de Benito Ju\u00e1rez, ambos lugares ubicados en la zona norte de la entidad, en la regi\u00f3n conocida como Huasteca Baja.<\/p>\n\n\n\n<p>El gobierno de Veracruz trabaja con los familiares de las v\u00edctimas para que la autoridad judicial en Tamaulipas entregue los cuerpos correspondientes, cuando concluyan las identificaciones.<\/p>\n\n\n\n<p>\u201cAparentemente todos en muy malas condiciones (cuerpos) y van a tener que aplicarse pruebas de ADN para poder hacer la verificaci\u00f3n, en esa etapa estamos, as\u00ed que seguimos trabajando\u201d, enfatiz\u00f3 Escalante Igual.<\/p>\n\n\n\n<p>Los cuerpos de los fallecidos a\u00fan est\u00e1n en posesi\u00f3n de la Fiscal\u00eda General del Estado de Tamaulipas, en Ciudad Victoria.<\/p>\n\n\n\n<p>En redes sociales circula la lista de las posibles v\u00edctimas de este carreterazo en Tamaulipas: Jes\u00fas Roberto Nava Badillo, originario de Tantoyuca, Veracruz; Josu\u00e9 Hern\u00e1ndez del \u00c1ngel, de Chalma, Veracruz; Celia Hern\u00e1ndez, de Acuatempa, Huejutla; Juan Pablo Hern\u00e1ndez; Enrique Mart\u00ednez, de Axcaco, Huejutla; Otilio Serna Bautista, de La Lomita, Huejutla; Leodegario Escobar Bautista, de Benito Ju\u00e1rez, Veracruz; Sof\u00eda Hern\u00e1ndez, de Loma Bonita, Huejutla; Edy Ju\u00e1rez, de Tantoyuca, Veracruz; Eleuteria Candelario, de Tantoyuca, Veracruz.<\/p>\n\n\n\n<p>As\u00ed como tambi\u00e9n, Efr\u00e9n P\u00e9rez Cruz, de Tantoyuca, Veracruz; Eusebia M\u00e9ndez Santiago, de Tantoyuca; Carlos Aldair P\u00e9rez Fernando, Tantoyuca; Apolinar Hern\u00e1ndez Santiago, de Tantoyuca; Bonifacio T\u00e9llez, de Tantoyuca, Veracruz; Erick Garc\u00eda Luciano, del Barrio la Pe\u00f1a, Chililico; Carlos Mart\u00ednez Oviedo, de Paso las Chacas, Huejutla; Carlos Fernando Eleuterio, de Tantoyuca, Veracruz; y Juan Pedro Hern\u00e1ndez, de Calmecate, Huejutla<br>El chofer del autob\u00fas fue identificado como Jes\u00fas Roberto Nava Badillo, mejor conocido como &#8220;El Jaibo\u201d, quien era originario de Tantoyuca, Veracruz.<\/p>\n","protected":false},"excerpt":{"rendered":"<p>Juan Arcos Xalapa, Ver.- Hasta este momento se contabilizan 12 veracruzanos que murieron en el accidente carretero ocurrido en el estado de Tamaulipas, la madrugada del s\u00e1bado 10 de septiembre. El director general de Atenci\u00f3n a Migrantes en Veracruz, Carlos Enrique Escalante Igual, dio a conocer que se trata de tres mujeres y nueve hombres [&hellip;]<\/p>\n","protected":false},"author":1,"featured_media":31536,"comment_status":"open","ping_status":"open","sticky":false,"template":"","format":"standard","meta":{"_jetpack_memberships_contains_paid_content":false,"footnotes":""},"categories":[2],"tags":[],"class_list":["post-31535","post","type-post","status-publish","format-standard","has-post-thumbnail","hentry","category-estado"],"jetpack_featured_media_url":"https:\/\/encuentroinformativo.com.mx\/wp-content\/uploads\/2022\/09\/6CAEA555-EB36-46DF-B058-C4FF4B172DD6.jpeg","jetpack_sharing_enabled":true,"jetpack_likes_enabled":true,"amp_enabled":true,"_links":{"self":[{"href":"https:\/\/encuentroinformativo.com.mx\/index.php?rest_route=\/wp\/v2\/posts\/31535","targetHints":{"allow":["GET"]}}],"collection":[{"href":"https:\/\/encuentroinformativo.com.mx\/index.php?rest_route=\/wp\/v2\/posts"}],"about":[{"href":"https:\/\/encuentroinformativo.com.mx\/index.php?rest_route=\/wp\/v2\/types\/post"}],"author":[{"embeddable":true,"href":"https:\/\/encuentroinformativo.com.mx\/index.php?rest_route=\/wp\/v2\/users\/1"}],"replies":[{"embeddable":true,"href":"https:\/\/encuentroinformativo.com.mx\/index.php?rest_route=%2Fwp%2Fv2%2Fcomments&post=31535"}],"version-history":[{"count":1,"href":"https:\/\/encuentroinformativo.com.mx\/index.php?rest_route=\/wp\/v2\/posts\/31535\/revisions"}],"predecessor-version":[{"id":31537,"href":"https:\/\/encuentroinformativo.com.mx\/index.php?rest_route=\/wp\/v2\/posts\/31535\/revisions\/31537"}],"wp:featuredmedia":[{"embeddable":true,"href":"https:\/\/encuentroinformativo.com.mx\/index.php?rest_route=\/wp\/v2\/media\/31536"}],"wp:attachment":[{"href":"https:\/\/encuentroinformativo.com.mx\/index.php?rest_route=%2Fwp%2Fv2%2Fmedia&parent=31535"}],"wp:term":[{"taxonomy":"category","embeddable":true,"href":"https:\/\/encuentroinformativo.com.mx\/index.php?rest_route=%2Fwp%2Fv2%2Fcategories&post=31535"},{"taxonomy":"post_tag","embeddable":true,"href":"https:\/\/encuentroinformativo.com.mx\/index.php?rest_route=%2Fwp%2Fv2%2Ftags&post=31535"}],"curies":[{"name":"wp","href":"https:\/\/api.w.org\/{rel}","templated":true}]}}