{"id":31538,"date":"2022-09-11T16:10:10","date_gmt":"2022-09-11T21:10:10","guid":{"rendered":"https:\/\/encuentroinformativo.com.mx\/?p=31538"},"modified":"2022-09-11T16:10:14","modified_gmt":"2022-09-11T21:10:14","slug":"se-quejan-estudiantes-de-humanidades-acusan-omision-de-autoridades","status":"publish","type":"post","link":"https:\/\/encuentroinformativo.com.mx\/?p=31538","title":{"rendered":"Se quejan estudiantes de Humanidades, acusan omisi\u00f3n de autoridades"},"content":{"rendered":"\n<p><strong>Juan Arcos <\/strong><\/p>\n\n\n\n<p>Xalapa, Ver.- Estudiantes de la Unidad Acad\u00e9mica de Humanidades denunciaron que autoridades de la Universidad Veracruzana (UV) han ignorado sus peticiones para garantizar espacios educativos dignos.<\/p>\n\n\n\n<p>Los alumnos de la Facultad de Antropolog\u00eda indicaron que ha sido constante el acumulamiento de basura en las inmediaciones de sus instalaciones, ubicadas sobre la\u00a0<a href=\"https:\/\/www.google.com\/maps\/search\/calle+Ezequiel+Alatriste+n%C3%BAmero+39?entry=gmail&amp;source=g\">calle Ezequiel Alatriste n\u00famero 39<\/a>, en la colonia Ferrer Guardia.<\/p>\n\n\n\n<p>\u201cNuestro problema radica en que a las afueras de la instituci\u00f3n siempre vemos montones de basura, que tardan en el lugar dos o tres d\u00edas\u201d, mencionaron.<\/p>\n\n\n\n<p>Los estudiantes mencionaron que esta situaci\u00f3n representa un foco de salud p\u00fablica y genera condiciones para la presencia de fauna nociva.<\/p>\n\n\n\n<p>\u201cComo la basura est\u00e1 ah\u00ed mucho tiempo, ahorita con las lluvias hay mucha agua estancada, huele feo, y nosotros como estudiantes todo el d\u00eda estamos en las inmediaciones de la universidad\u201d, a\u00f1adieron.<\/p>\n\n\n\n<p>Incluso, se han organizado para solicitar de manera formal a la autoridades acad\u00e9micas que atiendan la problem\u00e1tica; sin embargo, no han recibido una respuesta favorable.<\/p>\n\n\n\n<p>\u201cHemos pedido que atiendan el problema, porque dem\u00e1s de la basura se acercan los animalitos, sacan las bolsas, las rompen y eso no est\u00e1 ocasionando un mayor problema. Las autoridades acad\u00e9micas han sido omisas\u201d, enfatizaron los universitarios.<\/p>\n","protected":false},"excerpt":{"rendered":"<p>Juan Arcos Xalapa, Ver.- Estudiantes de la Unidad Acad\u00e9mica de Humanidades denunciaron que autoridades de la Universidad Veracruzana (UV) han ignorado sus peticiones para garantizar espacios educativos dignos. Los alumnos de la Facultad de Antropolog\u00eda indicaron que ha sido constante el acumulamiento de basura en las inmediaciones de sus instalaciones, ubicadas sobre la\u00a0calle Ezequiel Alatriste [&hellip;]<\/p>\n","protected":false},"author":1,"featured_media":31539,"comment_status":"open","ping_status":"open","sticky":false,"template":"","format":"standard","meta":{"_jetpack_memberships_contains_paid_content":false,"footnotes":""},"categories":[2],"tags":[],"class_list":["post-31538","post","type-post","status-publish","format-standard","has-post-thumbnail","hentry","category-estado"],"jetpack_featured_media_url":"https:\/\/encuentroinformativo.com.mx\/wp-content\/uploads\/2022\/09\/DED853C8-A663-45A6-A25C-3E7476B43951.jpeg","jetpack_sharing_enabled":true,"jetpack_likes_enabled":true,"amp_enabled":true,"_links":{"self":[{"href":"https:\/\/encuentroinformativo.com.mx\/index.php?rest_route=\/wp\/v2\/posts\/31538","targetHints":{"allow":["GET"]}}],"collection":[{"href":"https:\/\/encuentroinformativo.com.mx\/index.php?rest_route=\/wp\/v2\/posts"}],"about":[{"href":"https:\/\/encuentroinformativo.com.mx\/index.php?rest_route=\/wp\/v2\/types\/post"}],"author":[{"embeddable":true,"href":"https:\/\/encuentroinformativo.com.mx\/index.php?rest_route=\/wp\/v2\/users\/1"}],"replies":[{"embeddable":true,"href":"https:\/\/encuentroinformativo.com.mx\/index.php?rest_route=%2Fwp%2Fv2%2Fcomments&post=31538"}],"version-history":[{"count":1,"href":"https:\/\/encuentroinformativo.com.mx\/index.php?rest_route=\/wp\/v2\/posts\/31538\/revisions"}],"predecessor-version":[{"id":31540,"href":"https:\/\/encuentroinformativo.com.mx\/index.php?rest_route=\/wp\/v2\/posts\/31538\/revisions\/31540"}],"wp:featuredmedia":[{"embeddable":true,"href":"https:\/\/encuentroinformativo.com.mx\/index.php?rest_route=\/wp\/v2\/media\/31539"}],"wp:attachment":[{"href":"https:\/\/encuentroinformativo.com.mx\/index.php?rest_route=%2Fwp%2Fv2%2Fmedia&parent=31538"}],"wp:term":[{"taxonomy":"category","embeddable":true,"href":"https:\/\/encuentroinformativo.com.mx\/index.php?rest_route=%2Fwp%2Fv2%2Fcategories&post=31538"},{"taxonomy":"post_tag","embeddable":true,"href":"https:\/\/encuentroinformativo.com.mx\/index.php?rest_route=%2Fwp%2Fv2%2Ftags&post=31538"}],"curies":[{"name":"wp","href":"https:\/\/api.w.org\/{rel}","templated":true}]}}