{"id":31541,"date":"2022-09-11T17:20:00","date_gmt":"2022-09-11T22:20:00","guid":{"rendered":"https:\/\/encuentroinformativo.com.mx\/?p=31541"},"modified":"2022-09-11T17:20:05","modified_gmt":"2022-09-11T22:20:05","slug":"mantiene-pc-municipal-alerta-gris-por-temporal-lluvioso-en-boca-del-rio","status":"publish","type":"post","link":"https:\/\/encuentroinformativo.com.mx\/?p=31541","title":{"rendered":"Mantiene PC municipal Alerta Gris por temporal lluvioso en Boca del R\u00edo"},"content":{"rendered":"\n<p>Boca del R\u00edo, Ver.- Por instrucci\u00f3n del Alcalde de Boca del R\u00edo, Juan Manuel Un\u00e1nue Abascal, todas las \u00e1reas operativas municipales se encuentran listas, ante el temporal lluvioso que se espera en las pr\u00f3ximas 24 horas.<\/p>\n\n\n\n<p>La Direcci\u00f3n de Protecci\u00f3n Civil Municipal, informa que la Secretar\u00eda de Protecci\u00f3n Civil Estatal, comunic\u00f3 la implementaci\u00f3n de la Alerta Gris, por lo que a nivel municipal se implementar\u00e1n las debidas acciones preventivas.<\/p>\n\n\n\n<p>El reporte del estado del tiempo se\u00f1ala la presencia de lluvias alrededor de los 50 y 70 mm, as\u00ed como la presencia de viento del cuadrante norte y noreste con velocidades entre los 40 a 55 kil\u00f3metros por hora.<\/p>\n\n\n\n<p>Para quienes realizan actividades marinas, el aviso advierte de oleaje de 1.0 a 1.5 metros en las proximidades de la costa.<\/p>\n\n\n\n<p>Ante ello, el Presidente Municipal, enfatiza que en caso de alguna emergencia, se encuentra disponible el n\u00famero 911, donde ser\u00e1n canalizadas a las direcciones correspondientes del Ayuntamiento.<\/p>\n\n\n\n<p>Se pide a los ciudadanos estar pendiente de las actualizaciones del estado del tiempo.<\/p>\n","protected":false},"excerpt":{"rendered":"<p>Boca del R\u00edo, Ver.- Por instrucci\u00f3n del Alcalde de Boca del R\u00edo, Juan Manuel Un\u00e1nue Abascal, todas las \u00e1reas operativas municipales se encuentran listas, ante el temporal lluvioso que se espera en las pr\u00f3ximas 24 horas. La Direcci\u00f3n de Protecci\u00f3n Civil Municipal, informa que la Secretar\u00eda de Protecci\u00f3n Civil Estatal, comunic\u00f3 la implementaci\u00f3n de la [&hellip;]<\/p>\n","protected":false},"author":1,"featured_media":31542,"comment_status":"open","ping_status":"open","sticky":false,"template":"","format":"standard","meta":{"_jetpack_memberships_contains_paid_content":false,"footnotes":""},"categories":[2],"tags":[],"class_list":["post-31541","post","type-post","status-publish","format-standard","has-post-thumbnail","hentry","category-estado"],"jetpack_featured_media_url":"https:\/\/encuentroinformativo.com.mx\/wp-content\/uploads\/2022\/09\/8A12B75F-3DE4-4E0D-816A-5F980ED647A7.jpeg","jetpack_sharing_enabled":true,"jetpack_likes_enabled":true,"amp_enabled":true,"_links":{"self":[{"href":"https:\/\/encuentroinformativo.com.mx\/index.php?rest_route=\/wp\/v2\/posts\/31541","targetHints":{"allow":["GET"]}}],"collection":[{"href":"https:\/\/encuentroinformativo.com.mx\/index.php?rest_route=\/wp\/v2\/posts"}],"about":[{"href":"https:\/\/encuentroinformativo.com.mx\/index.php?rest_route=\/wp\/v2\/types\/post"}],"author":[{"embeddable":true,"href":"https:\/\/encuentroinformativo.com.mx\/index.php?rest_route=\/wp\/v2\/users\/1"}],"replies":[{"embeddable":true,"href":"https:\/\/encuentroinformativo.com.mx\/index.php?rest_route=%2Fwp%2Fv2%2Fcomments&post=31541"}],"version-history":[{"count":1,"href":"https:\/\/encuentroinformativo.com.mx\/index.php?rest_route=\/wp\/v2\/posts\/31541\/revisions"}],"predecessor-version":[{"id":31543,"href":"https:\/\/encuentroinformativo.com.mx\/index.php?rest_route=\/wp\/v2\/posts\/31541\/revisions\/31543"}],"wp:featuredmedia":[{"embeddable":true,"href":"https:\/\/encuentroinformativo.com.mx\/index.php?rest_route=\/wp\/v2\/media\/31542"}],"wp:attachment":[{"href":"https:\/\/encuentroinformativo.com.mx\/index.php?rest_route=%2Fwp%2Fv2%2Fmedia&parent=31541"}],"wp:term":[{"taxonomy":"category","embeddable":true,"href":"https:\/\/encuentroinformativo.com.mx\/index.php?rest_route=%2Fwp%2Fv2%2Fcategories&post=31541"},{"taxonomy":"post_tag","embeddable":true,"href":"https:\/\/encuentroinformativo.com.mx\/index.php?rest_route=%2Fwp%2Fv2%2Ftags&post=31541"}],"curies":[{"name":"wp","href":"https:\/\/api.w.org\/{rel}","templated":true}]}}