{"id":31544,"date":"2022-09-11T19:59:30","date_gmt":"2022-09-12T00:59:30","guid":{"rendered":"https:\/\/encuentroinformativo.com.mx\/?p=31544"},"modified":"2022-09-11T19:59:33","modified_gmt":"2022-09-12T00:59:33","slug":"padre-asesino-a-su-menor-hijo-en-poza-rica","status":"publish","type":"post","link":"https:\/\/encuentroinformativo.com.mx\/?p=31544","title":{"rendered":"Padre asesin\u00f3 a su menor hijo en Poza Rica"},"content":{"rendered":"\n<p><strong>Juan Arcos <\/strong><\/p>\n\n\n\n<p>Xalapa, Ver.- Un ni\u00f1o de apenas tres a\u00f1os fue presuntamente asesinado de un balazo por su padre en la colonia Tepeyac, municipio de Poza Rica, ubicado en la zona norte del estado de Veracruz.<\/p>\n\n\n\n<p>Los hechos ocurrieron la tarde del s\u00e1bado 10 de septiembre, cuando los vecinos escucharon detonaciones de arma de fuego y reportaron esta situaci\u00f3n a los n\u00fameros de emergencia 911.<\/p>\n\n\n\n<p>Se presume que la pistola fue accionada para arrebatarle la vida al menor que viv\u00eda en un domicilio de la calle Matamoros de dicha ciudad petrolera.<\/p>\n\n\n\n<p>El presunto responsable del crimen se identific\u00f3 como Fernando. El ni\u00f1o era conocido como \u201cJuanito\u201d. Su pap\u00e1 subi\u00f3 el cuerpo a una camioneta y huy\u00f3 con su esposa y sus otros dos hijos.<\/p>\n\n\n\n<p>Polic\u00edas arribaron al domicilio pero estaba vac\u00edo. Solo hallaron objetos y un altar en honor a la \u201cSanta Muerte\u201d o \u201cNi\u00f1a Blanca\u201d, como la llaman sus seguidores. Se emprendi\u00f3 un fuerte operativo policiaco en el municipio; sin embargo, la familia no fue localizada.<\/p>\n\n\n\n<p>De acuerdo con los vecinos, solo fue encontrada la camioneta sobre la carretera Poza Rica-Papantla, en la entrada al Pueblo M\u00e1gico.<\/p>\n","protected":false},"excerpt":{"rendered":"<p>Juan Arcos Xalapa, Ver.- Un ni\u00f1o de apenas tres a\u00f1os fue presuntamente asesinado de un balazo por su padre en la colonia Tepeyac, municipio de Poza Rica, ubicado en la zona norte del estado de Veracruz. Los hechos ocurrieron la tarde del s\u00e1bado 10 de septiembre, cuando los vecinos escucharon detonaciones de arma de fuego [&hellip;]<\/p>\n","protected":false},"author":1,"featured_media":31545,"comment_status":"open","ping_status":"open","sticky":false,"template":"","format":"standard","meta":{"_jetpack_memberships_contains_paid_content":false,"footnotes":""},"categories":[14],"tags":[],"class_list":["post-31544","post","type-post","status-publish","format-standard","has-post-thumbnail","hentry","category-policiaca"],"jetpack_featured_media_url":"https:\/\/encuentroinformativo.com.mx\/wp-content\/uploads\/2022\/09\/5F10A12A-063B-4497-BF1F-D1715ACC610E.jpeg","jetpack_sharing_enabled":true,"jetpack_likes_enabled":true,"amp_enabled":true,"_links":{"self":[{"href":"https:\/\/encuentroinformativo.com.mx\/index.php?rest_route=\/wp\/v2\/posts\/31544","targetHints":{"allow":["GET"]}}],"collection":[{"href":"https:\/\/encuentroinformativo.com.mx\/index.php?rest_route=\/wp\/v2\/posts"}],"about":[{"href":"https:\/\/encuentroinformativo.com.mx\/index.php?rest_route=\/wp\/v2\/types\/post"}],"author":[{"embeddable":true,"href":"https:\/\/encuentroinformativo.com.mx\/index.php?rest_route=\/wp\/v2\/users\/1"}],"replies":[{"embeddable":true,"href":"https:\/\/encuentroinformativo.com.mx\/index.php?rest_route=%2Fwp%2Fv2%2Fcomments&post=31544"}],"version-history":[{"count":1,"href":"https:\/\/encuentroinformativo.com.mx\/index.php?rest_route=\/wp\/v2\/posts\/31544\/revisions"}],"predecessor-version":[{"id":31546,"href":"https:\/\/encuentroinformativo.com.mx\/index.php?rest_route=\/wp\/v2\/posts\/31544\/revisions\/31546"}],"wp:featuredmedia":[{"embeddable":true,"href":"https:\/\/encuentroinformativo.com.mx\/index.php?rest_route=\/wp\/v2\/media\/31545"}],"wp:attachment":[{"href":"https:\/\/encuentroinformativo.com.mx\/index.php?rest_route=%2Fwp%2Fv2%2Fmedia&parent=31544"}],"wp:term":[{"taxonomy":"category","embeddable":true,"href":"https:\/\/encuentroinformativo.com.mx\/index.php?rest_route=%2Fwp%2Fv2%2Fcategories&post=31544"},{"taxonomy":"post_tag","embeddable":true,"href":"https:\/\/encuentroinformativo.com.mx\/index.php?rest_route=%2Fwp%2Fv2%2Ftags&post=31544"}],"curies":[{"name":"wp","href":"https:\/\/api.w.org\/{rel}","templated":true}]}}