{"id":31552,"date":"2022-09-12T09:51:58","date_gmt":"2022-09-12T14:51:58","guid":{"rendered":"https:\/\/encuentroinformativo.com.mx\/?p=31552"},"modified":"2022-09-12T09:52:02","modified_gmt":"2022-09-12T14:52:02","slug":"recorte-a-presupuesto-para-mujeres","status":"publish","type":"post","link":"https:\/\/encuentroinformativo.com.mx\/?p=31552","title":{"rendered":"RECORTE A PRESUPUESTO PARA MUJERES"},"content":{"rendered":"\n<p><strong>N\u00fameros Rojos<\/strong><br><br><strong>Brenda Caballero<\/strong><\/p>\n\n\n\n<p><br>Clara, Vicky, Juana, Pilar, Susana, son algunos nombres de v\u00edctimas de los 54 feminicidios contabilizados de enero a julio de 2022 en Veracruz, de acuerdo a las cifras del Observatorio Universitario de Violencias contra las Mujeres de la UV. Son 413 desaparecidas en la entidad, de enero a julio, de acuerdo al OUVMujeres. Son 319 mujeres que han sufrido violencia las registradas por el mismo Observatorio\u2026 estos tres datos demuestran todo lo contrario a las declaraciones de la encargada del Instituto Veracruzano de las Mujeres (IVM), Mar\u00eda del Roc\u00edo Villafuerte Mart\u00ednez, que dice \u201cvan a la baja\u201d. \u00bfPues en qu\u00e9 estado vive?<\/p>\n\n\n\n<p>El maquillaje que se le quiere dar a las cifras de violencia contra las mujeres en Veracruz es bastante notorio, similar a los filtros que se usan en las redes sociales&#8230; \u00a1Nada que ver!<\/p>\n\n\n\n<p>El incremento no es m\u00e1s que el resultado de la pol\u00edtica implementada por el Estado para que las Mujeres y Ni\u00f1as vivan libres de violencia en el cual, si nos vamos al mismo Instituto de las Mujeres, ni titular tiene. As\u00ed de importante somos las veracruzanas.<\/p>\n\n\n\n<p>Aunado a campa\u00f1as como el #Resp\u00e9talas, que si no hacen eco en los mismos funcionarios p\u00fablicos que acosan a las mujeres en sus lugares de trabajo, cuantim\u00e1s en la poblaci\u00f3n.<\/p>\n\n\n\n<p>De acuerdo a la funcionaria, las cifras van a la baja y seguir\u00e1n bajando. Pero viene la pregunta del mill\u00f3n \u00bfC\u00f3mo lograr\u00e1n eso?Cualquiera puede tener buenas intenciones y grandes estrategias para que la violencia contra las mujeres disminuya en el pa\u00eds y en Veracruz, pero todos sabemos que para que se lleve a cabo su implementaci\u00f3n, se necesitan recursos econ\u00f3micos, y al menos en el Paquete Econ\u00f3mico entregado recientemente, las mujeres no somos prioridad del Gobierno Federal. \u00bfSer\u00e1 acaso que en el Presupuesto de Egresos del Estado de Veracruz se revierta esta tendencia?De acuerdo con el Centro de An\u00e1lisis e Investigaci\u00f3n Fundar, los recursos contemplados para la Mujer para el 2023 son apenas del 2.7 por ciento del total del Anexo 13.\u00a0Si bien se dice que hay un aumento del 41 por ciento a Mujeres, el incremento va a programas sociales prioritarios universales que no tienen perspectiva de g\u00e9nero.<\/p>\n\n\n\n<p>Es decir, hubo recorte al Programa de Apoyo a las Instancias de Mujeres en las Entidades Federativas (PAIMEF) y de ello debe tener conocimiento Villafuerte Mart\u00ednez, pues este a\u00f1o sufri\u00f3 tambi\u00e9n un recorte con respecto al 2021.<\/p>\n\n\n\n<p>El Programa para Promover la Atenci\u00f3n y Prevenci\u00f3n de la Violencia contra las Mujeres tambi\u00e9n fue recortado; el Programa de Apoyo para Refugios Especializados para Mujeres V\u00edctimas de Violencia de G\u00e9nero, sus Hijas e Hijos sufri\u00f3 la misma suerte, al igual que el Subsidio de Coadyuvancia para las declaratorias de Alerta de Violencia de G\u00e9nero contra las Mujeres en Estados y Municipios; esto, a pesar de que 7 de cada 10 mujeres en M\u00e9xico hemos sufrido alg\u00fan tipo de violencia, y de que somos mayor\u00eda en la poblaci\u00f3n.<\/p>\n\n\n\n<p>\u00bfDetendr\u00e1n los legisladores y las legisladoras los recortes al Presupuesto en Favor de las Mujeres?Es lamentable que ahora que tenemos la Paridad En Todo, y m\u00e1s legisladoras en los Congresos, los recursos contra las Mujeres sean recortados y disminuidos.<\/p>\n\n\n\n<p>\u00bfPues d\u00f3nde qued\u00f3 el compromiso hacia el g\u00e9nero y la sororidad?<\/p>\n\n\n\n<p><br>Twiter: @NumerosRojos_BC<\/p>\n\n\n\n<p><a rel=\"noreferrer noopener\" href=\"mailto:caballero_brenda@hotmail.com\" target=\"_blank\">caballero_brenda@hotmail.com<\/a><\/p>\n","protected":false},"excerpt":{"rendered":"<p>N\u00fameros Rojos Brenda Caballero Clara, Vicky, Juana, Pilar, Susana, son algunos nombres de v\u00edctimas de los 54 feminicidios contabilizados de enero a julio de 2022 en Veracruz, de acuerdo a las cifras del Observatorio Universitario de Violencias contra las Mujeres de la UV. Son 413 desaparecidas en la entidad, de enero a julio, de acuerdo [&hellip;]<\/p>\n","protected":false},"author":1,"featured_media":387,"comment_status":"open","ping_status":"open","sticky":false,"template":"","format":"standard","meta":{"_jetpack_memberships_contains_paid_content":false,"footnotes":""},"categories":[11],"tags":[],"class_list":["post-31552","post","type-post","status-publish","format-standard","has-post-thumbnail","hentry","category-opinion"],"jetpack_featured_media_url":"https:\/\/encuentroinformativo.com.mx\/wp-content\/uploads\/2020\/03\/7CF8A22B-2764-47BE-8F7F-38FE9E5D6A2F.jpeg","jetpack_sharing_enabled":true,"jetpack_likes_enabled":true,"amp_enabled":true,"_links":{"self":[{"href":"https:\/\/encuentroinformativo.com.mx\/index.php?rest_route=\/wp\/v2\/posts\/31552","targetHints":{"allow":["GET"]}}],"collection":[{"href":"https:\/\/encuentroinformativo.com.mx\/index.php?rest_route=\/wp\/v2\/posts"}],"about":[{"href":"https:\/\/encuentroinformativo.com.mx\/index.php?rest_route=\/wp\/v2\/types\/post"}],"author":[{"embeddable":true,"href":"https:\/\/encuentroinformativo.com.mx\/index.php?rest_route=\/wp\/v2\/users\/1"}],"replies":[{"embeddable":true,"href":"https:\/\/encuentroinformativo.com.mx\/index.php?rest_route=%2Fwp%2Fv2%2Fcomments&post=31552"}],"version-history":[{"count":1,"href":"https:\/\/encuentroinformativo.com.mx\/index.php?rest_route=\/wp\/v2\/posts\/31552\/revisions"}],"predecessor-version":[{"id":31553,"href":"https:\/\/encuentroinformativo.com.mx\/index.php?rest_route=\/wp\/v2\/posts\/31552\/revisions\/31553"}],"wp:featuredmedia":[{"embeddable":true,"href":"https:\/\/encuentroinformativo.com.mx\/index.php?rest_route=\/wp\/v2\/media\/387"}],"wp:attachment":[{"href":"https:\/\/encuentroinformativo.com.mx\/index.php?rest_route=%2Fwp%2Fv2%2Fmedia&parent=31552"}],"wp:term":[{"taxonomy":"category","embeddable":true,"href":"https:\/\/encuentroinformativo.com.mx\/index.php?rest_route=%2Fwp%2Fv2%2Fcategories&post=31552"},{"taxonomy":"post_tag","embeddable":true,"href":"https:\/\/encuentroinformativo.com.mx\/index.php?rest_route=%2Fwp%2Fv2%2Ftags&post=31552"}],"curies":[{"name":"wp","href":"https:\/\/api.w.org\/{rel}","templated":true}]}}