{"id":31560,"date":"2022-09-12T13:39:43","date_gmt":"2022-09-12T18:39:43","guid":{"rendered":"https:\/\/encuentroinformativo.com.mx\/?p=31560"},"modified":"2022-09-12T13:39:47","modified_gmt":"2022-09-12T18:39:47","slug":"exigen-tamseros-fondo-de-ahorro-de-seis-companeros-despedidos","status":"publish","type":"post","link":"https:\/\/encuentroinformativo.com.mx\/?p=31560","title":{"rendered":"Exigen tamseros fondo de ahorro de seis compa\u00f1eros despedidos"},"content":{"rendered":"\n<p><strong>Alejandro \u00c1vila<\/strong><\/p>\n\n\n\n<p>Veracruz, Ver.- Ex empleados de la empresa Tenaris Tamsa se manifestaron la ma\u00f1ana de este lunes afuera de las instalaciones ubicadas en la carretera Veracruz &#8211; Santa Fe.<\/p>\n\n\n\n<p>La denuncia, explic\u00f3 Jos\u00e9 Manuel Garc\u00eda Garc\u00eda, secretario de Conflictos y Oficial\u00eda Mayor del SNUP Tamsa, se debe a que a seis de los 40 empleados despedidos en el mes de junio, la empresa no les ha pagado su fondo de ahorros.<\/p>\n\n\n\n<p>&#8220;Un dinero que les descuentan semanalmente, pero a 6 trabajadores, casualmente no les depositaron absolutamente nada de dinero. \u00bfQu\u00e9 hace con esto Tenaris Tamsa, algunos funcionarios, desesperar al trabajador, el trabajador tiene un derecho ganado, peleado por m\u00e1s de 9 a\u00f1os&#8221;, expres\u00f3 el vocero.<\/p>\n\n\n\n<p>Cabe mencionar, seg\u00fan Jos\u00e9 Manuel Garc\u00eda Garc\u00eda, que por orden de un Juez Laboral en Xalapa, la empresa Tenaris Tamsa tuvo que reinstalar a 400 trabajadores entre diciembre del 2021 y febrero del 2022; sin embargo, el pasado junio del presente a\u00f1o, despidi\u00f3 a 40 de estos empleados reinstalados.<\/p>\n\n\n\n<p>&#8220;Por eso venimos este d\u00eda, a exigirle, ya no a pedirle a Tenaris Tamsa, a exigirle que les pague el fondo de ahorro a los trabajadores, porque est\u00e1n clamando un dinero que para sus familias les es demasiado \u00fatil. Tenemos a dos compa\u00f1eros qu\u00e9 sus madres est\u00e1n en el hospital, y est\u00e1n en el Hospital Regional y hay que pagar un dinero, cuando ellos tienen el derecho del seguro social, \u00bfpero que cree que hicieron?, al siguiente d\u00eda que lo sacaron los dieron de baja en el seguro social&#8221;, acus\u00f3.<\/p>\n","protected":false},"excerpt":{"rendered":"<p>Alejandro \u00c1vila Veracruz, Ver.- Ex empleados de la empresa Tenaris Tamsa se manifestaron la ma\u00f1ana de este lunes afuera de las instalaciones ubicadas en la carretera Veracruz &#8211; Santa Fe. La denuncia, explic\u00f3 Jos\u00e9 Manuel Garc\u00eda Garc\u00eda, secretario de Conflictos y Oficial\u00eda Mayor del SNUP Tamsa, se debe a que a seis de los 40 [&hellip;]<\/p>\n","protected":false},"author":1,"featured_media":31561,"comment_status":"open","ping_status":"open","sticky":false,"template":"","format":"standard","meta":{"_jetpack_memberships_contains_paid_content":false,"footnotes":""},"categories":[2],"tags":[],"class_list":["post-31560","post","type-post","status-publish","format-standard","has-post-thumbnail","hentry","category-estado"],"jetpack_featured_media_url":"https:\/\/encuentroinformativo.com.mx\/wp-content\/uploads\/2022\/09\/EFBC9F19-938F-4BA5-A774-947031586651.jpeg","jetpack_sharing_enabled":true,"jetpack_likes_enabled":true,"amp_enabled":true,"_links":{"self":[{"href":"https:\/\/encuentroinformativo.com.mx\/index.php?rest_route=\/wp\/v2\/posts\/31560","targetHints":{"allow":["GET"]}}],"collection":[{"href":"https:\/\/encuentroinformativo.com.mx\/index.php?rest_route=\/wp\/v2\/posts"}],"about":[{"href":"https:\/\/encuentroinformativo.com.mx\/index.php?rest_route=\/wp\/v2\/types\/post"}],"author":[{"embeddable":true,"href":"https:\/\/encuentroinformativo.com.mx\/index.php?rest_route=\/wp\/v2\/users\/1"}],"replies":[{"embeddable":true,"href":"https:\/\/encuentroinformativo.com.mx\/index.php?rest_route=%2Fwp%2Fv2%2Fcomments&post=31560"}],"version-history":[{"count":1,"href":"https:\/\/encuentroinformativo.com.mx\/index.php?rest_route=\/wp\/v2\/posts\/31560\/revisions"}],"predecessor-version":[{"id":31562,"href":"https:\/\/encuentroinformativo.com.mx\/index.php?rest_route=\/wp\/v2\/posts\/31560\/revisions\/31562"}],"wp:featuredmedia":[{"embeddable":true,"href":"https:\/\/encuentroinformativo.com.mx\/index.php?rest_route=\/wp\/v2\/media\/31561"}],"wp:attachment":[{"href":"https:\/\/encuentroinformativo.com.mx\/index.php?rest_route=%2Fwp%2Fv2%2Fmedia&parent=31560"}],"wp:term":[{"taxonomy":"category","embeddable":true,"href":"https:\/\/encuentroinformativo.com.mx\/index.php?rest_route=%2Fwp%2Fv2%2Fcategories&post=31560"},{"taxonomy":"post_tag","embeddable":true,"href":"https:\/\/encuentroinformativo.com.mx\/index.php?rest_route=%2Fwp%2Fv2%2Ftags&post=31560"}],"curies":[{"name":"wp","href":"https:\/\/api.w.org\/{rel}","templated":true}]}}