{"id":31569,"date":"2022-09-12T14:29:55","date_gmt":"2022-09-12T19:29:55","guid":{"rendered":"https:\/\/encuentroinformativo.com.mx\/?p=31569"},"modified":"2022-09-12T14:29:59","modified_gmt":"2022-09-12T19:29:59","slug":"saquean-por-cuarta-ocasion-primaria-juan-de-la-luz","status":"publish","type":"post","link":"https:\/\/encuentroinformativo.com.mx\/?p=31569","title":{"rendered":"Saquean por cuarta ocasi\u00f3n primaria \u201cJuan de la Luz\u201d"},"content":{"rendered":"\n<p><strong>Juan Arcos<\/strong><\/p>\n\n\n\n<p>Coatepec, Ver.- Durante el fin de semana fue saqueada por cuarta ocasi\u00f3n la escuela primaria \u201cJuan de la Luz Enr\u00edquez&#8221;, a unas cuadras del centro hist\u00f3rico de Coatepec.\u00a0<br>Los padres de familia y profesores se percataron de esta situaci\u00f3n durante la ma\u00f1ana de este lunes 12 de septiembre, por lo que solicitaron la presencia de las autoridades competentes.<\/p>\n\n\n\n<p>Algunos pap\u00e1s mencionaron de manera an\u00f3nima que los ladrones robaron computadoras de escritorio, laptops, proyectores y otros materiales educativos.<\/p>\n\n\n\n<p>Los delincuentes desprendieron la protecci\u00f3n met\u00e1lica de una de las ventanas de la Direcci\u00f3n y rompieron los cristales para ingresar y as\u00ed extraer los objetos de valor.<\/p>\n\n\n\n<p>Durante un recorrido en la zona se observ\u00f3 que los documentos y otros art\u00edculos est\u00e1n regados en el piso, mientras que en la parte de afuera est\u00e1n los vidrios destruidos.<\/p>\n\n\n\n<p>A unos metros, los ladrones dejaron objetos que pretend\u00edan llevarse, como una cafetera, una podadora y una carretilla llena de alambres de p\u00faas.<\/p>\n\n\n\n<p>Tambi\u00e9n abandonaron una bicicleta, una chamarra y unas llaves ajenas al plantel que utilizaron como cerrojo para mantener abierta una puerta.<\/p>\n\n\n\n<p>La escuela tiene una matr\u00edcula de aproximadamente 400 alumnos y se encuentra entre las calle Adolfo L. Sosa, Miguel Hidalgo y la avenida Cuauht\u00e9moc.<\/p>\n\n\n\n<p>Los directivos acudieron a la Fiscal\u00eda General del Estado (FGE) para presentar la denuncia, en busca de que se inicien las investigaciones correspondientes.<\/p>\n\n\n\n<p>En uno de los portones principales de la escuela se coloc\u00f3 un cartel para informar que las clases fueron suspendidas este lunes \u201cpor causas de fuerza mayor\u201d.<\/p>\n\n\n\n<figure class=\"wp-block-image size-large\"><img loading=\"lazy\" decoding=\"async\" width=\"1024\" height=\"768\" src=\"https:\/\/encuentroinformativo.com.mx\/wp-content\/uploads\/2022\/09\/EF6D7A38-4DA9-4851-86F4-444B9E55E6D5-1024x768.jpeg\" alt=\"\" class=\"wp-image-31571\" srcset=\"https:\/\/encuentroinformativo.com.mx\/wp-content\/uploads\/2022\/09\/EF6D7A38-4DA9-4851-86F4-444B9E55E6D5-1024x768.jpeg 1024w, https:\/\/encuentroinformativo.com.mx\/wp-content\/uploads\/2022\/09\/EF6D7A38-4DA9-4851-86F4-444B9E55E6D5-300x225.jpeg 300w, https:\/\/encuentroinformativo.com.mx\/wp-content\/uploads\/2022\/09\/EF6D7A38-4DA9-4851-86F4-444B9E55E6D5-768x576.jpeg 768w, https:\/\/encuentroinformativo.com.mx\/wp-content\/uploads\/2022\/09\/EF6D7A38-4DA9-4851-86F4-444B9E55E6D5-1536x1152.jpeg 1536w, https:\/\/encuentroinformativo.com.mx\/wp-content\/uploads\/2022\/09\/EF6D7A38-4DA9-4851-86F4-444B9E55E6D5.jpeg 2016w\" sizes=\"auto, (max-width: 1024px) 100vw, 1024px\" \/><\/figure>\n","protected":false},"excerpt":{"rendered":"<p>Juan Arcos Coatepec, Ver.- Durante el fin de semana fue saqueada por cuarta ocasi\u00f3n la escuela primaria \u201cJuan de la Luz Enr\u00edquez&#8221;, a unas cuadras del centro hist\u00f3rico de Coatepec.\u00a0Los padres de familia y profesores se percataron de esta situaci\u00f3n durante la ma\u00f1ana de este lunes 12 de septiembre, por lo que solicitaron la presencia [&hellip;]<\/p>\n","protected":false},"author":1,"featured_media":31570,"comment_status":"open","ping_status":"open","sticky":false,"template":"","format":"standard","meta":{"_jetpack_memberships_contains_paid_content":false,"footnotes":""},"categories":[8],"tags":[],"class_list":["post-31569","post","type-post","status-publish","format-standard","has-post-thumbnail","hentry","category-region"],"jetpack_featured_media_url":"https:\/\/encuentroinformativo.com.mx\/wp-content\/uploads\/2022\/09\/B641F894-6704-410A-B538-97A53533B16B.jpeg","jetpack_sharing_enabled":true,"jetpack_likes_enabled":true,"amp_enabled":true,"_links":{"self":[{"href":"https:\/\/encuentroinformativo.com.mx\/index.php?rest_route=\/wp\/v2\/posts\/31569","targetHints":{"allow":["GET"]}}],"collection":[{"href":"https:\/\/encuentroinformativo.com.mx\/index.php?rest_route=\/wp\/v2\/posts"}],"about":[{"href":"https:\/\/encuentroinformativo.com.mx\/index.php?rest_route=\/wp\/v2\/types\/post"}],"author":[{"embeddable":true,"href":"https:\/\/encuentroinformativo.com.mx\/index.php?rest_route=\/wp\/v2\/users\/1"}],"replies":[{"embeddable":true,"href":"https:\/\/encuentroinformativo.com.mx\/index.php?rest_route=%2Fwp%2Fv2%2Fcomments&post=31569"}],"version-history":[{"count":1,"href":"https:\/\/encuentroinformativo.com.mx\/index.php?rest_route=\/wp\/v2\/posts\/31569\/revisions"}],"predecessor-version":[{"id":31572,"href":"https:\/\/encuentroinformativo.com.mx\/index.php?rest_route=\/wp\/v2\/posts\/31569\/revisions\/31572"}],"wp:featuredmedia":[{"embeddable":true,"href":"https:\/\/encuentroinformativo.com.mx\/index.php?rest_route=\/wp\/v2\/media\/31570"}],"wp:attachment":[{"href":"https:\/\/encuentroinformativo.com.mx\/index.php?rest_route=%2Fwp%2Fv2%2Fmedia&parent=31569"}],"wp:term":[{"taxonomy":"category","embeddable":true,"href":"https:\/\/encuentroinformativo.com.mx\/index.php?rest_route=%2Fwp%2Fv2%2Fcategories&post=31569"},{"taxonomy":"post_tag","embeddable":true,"href":"https:\/\/encuentroinformativo.com.mx\/index.php?rest_route=%2Fwp%2Fv2%2Ftags&post=31569"}],"curies":[{"name":"wp","href":"https:\/\/api.w.org\/{rel}","templated":true}]}}