{"id":31580,"date":"2022-09-12T15:00:22","date_gmt":"2022-09-12T20:00:22","guid":{"rendered":"https:\/\/encuentroinformativo.com.mx\/?p=31580"},"modified":"2022-09-12T15:00:26","modified_gmt":"2022-09-12T20:00:26","slug":"con-pandemia-aumentaron-decesos-de-ninos-con-cancer-amanc","status":"publish","type":"post","link":"https:\/\/encuentroinformativo.com.mx\/?p=31580","title":{"rendered":"Con pandemia aumentaron decesos de ni\u00f1os con c\u00e1ncer: AMANC"},"content":{"rendered":"\n<p><strong>Alejandro \u00c1vila<\/strong><\/p>\n\n\n\n<p>Boca del R\u00edo, Ver.- La pandemia trajo consigo malas noticias para los ni\u00f1os con padecimiento de c\u00e1ncer, debido a que por su falta de atenci\u00f3n, increment\u00f3 el n\u00famero de muertes, teniendo la Asociaci\u00f3n Mexicana de Ayuda a Ni\u00f1os con C\u00e1ncer (AMANC), un registro de 60 fallecidos entre el 2020 y 2022.<\/p>\n\n\n\n<p>La presidenta de AMANC Veracruz, Susana Lara Garc\u00eda, mencion\u00f3 en lo que va del 2022 llevan contabilizados 5 decesos.<\/p>\n\n\n\n<p>&#8220;Este a\u00f1o ya llevamos como 5 decesos, y en total yo creo que estamos hablando, en el recuento que tenemos de la pandemia, qu\u00e9 es del 2020 a esta fecha, estamos hablando de cerca de 60 menores (\u2026) ahorita m\u00e1s o menos va en niveles, esperemos que se mantenga, porque nosotros ten\u00edamos un promedio de 10 a 11 decesos durante un a\u00f1o, en \u00e9pocas normales, en el caso de la pandemia, pues esto que vino a hacer, de qu\u00e9 los ni\u00f1os llegaron en etapas tard\u00edas porque se quedaron recluidos en sus casas, los ni\u00f1os no ten\u00edan atenci\u00f3n m\u00e9dica se volvieron hospitales COVID&#8221;, declar\u00f3 Lara Garc\u00eda.<\/p>\n\n\n\n<p>La presidenta de AMANC dijo que, se encuentran en colaboraci\u00f3n con la Universidad Veracruzana, d\u00f3nde dan pl\u00e1ticas a los estudiantes de la Facultad de Medicina con la intenci\u00f3n de que tengan las herramientas necesarias para detectar indicios de c\u00e1ncer en menores, y de esta manera puedan ser canalizados a la brevedad en los hospitales adecuados para incrementar la posibilidad de \u00e9xito en sus tratamientos.<\/p>\n\n\n\n<p>Apunt\u00f3 que, debido a la falta de detecci\u00f3n temprana, el porcentaje de vida de un ni\u00f1o con c\u00e1ncer es del 54 por ciento en M\u00e9xico, mientras en los pa\u00edses de primer mundo, es de un 80 por ciento.<\/p>\n","protected":false},"excerpt":{"rendered":"<p>Alejandro \u00c1vila Boca del R\u00edo, Ver.- La pandemia trajo consigo malas noticias para los ni\u00f1os con padecimiento de c\u00e1ncer, debido a que por su falta de atenci\u00f3n, increment\u00f3 el n\u00famero de muertes, teniendo la Asociaci\u00f3n Mexicana de Ayuda a Ni\u00f1os con C\u00e1ncer (AMANC), un registro de 60 fallecidos entre el 2020 y 2022. La presidenta [&hellip;]<\/p>\n","protected":false},"author":1,"featured_media":31581,"comment_status":"open","ping_status":"open","sticky":false,"template":"","format":"standard","meta":{"_jetpack_memberships_contains_paid_content":false,"footnotes":""},"categories":[9],"tags":[],"class_list":["post-31580","post","type-post","status-publish","format-standard","has-post-thumbnail","hentry","category-salud"],"jetpack_featured_media_url":"https:\/\/encuentroinformativo.com.mx\/wp-content\/uploads\/2022\/09\/FFD16C7E-4C9F-4FE3-8235-DD94E90B1F79.jpeg","jetpack_sharing_enabled":true,"jetpack_likes_enabled":true,"amp_enabled":true,"_links":{"self":[{"href":"https:\/\/encuentroinformativo.com.mx\/index.php?rest_route=\/wp\/v2\/posts\/31580","targetHints":{"allow":["GET"]}}],"collection":[{"href":"https:\/\/encuentroinformativo.com.mx\/index.php?rest_route=\/wp\/v2\/posts"}],"about":[{"href":"https:\/\/encuentroinformativo.com.mx\/index.php?rest_route=\/wp\/v2\/types\/post"}],"author":[{"embeddable":true,"href":"https:\/\/encuentroinformativo.com.mx\/index.php?rest_route=\/wp\/v2\/users\/1"}],"replies":[{"embeddable":true,"href":"https:\/\/encuentroinformativo.com.mx\/index.php?rest_route=%2Fwp%2Fv2%2Fcomments&post=31580"}],"version-history":[{"count":1,"href":"https:\/\/encuentroinformativo.com.mx\/index.php?rest_route=\/wp\/v2\/posts\/31580\/revisions"}],"predecessor-version":[{"id":31582,"href":"https:\/\/encuentroinformativo.com.mx\/index.php?rest_route=\/wp\/v2\/posts\/31580\/revisions\/31582"}],"wp:featuredmedia":[{"embeddable":true,"href":"https:\/\/encuentroinformativo.com.mx\/index.php?rest_route=\/wp\/v2\/media\/31581"}],"wp:attachment":[{"href":"https:\/\/encuentroinformativo.com.mx\/index.php?rest_route=%2Fwp%2Fv2%2Fmedia&parent=31580"}],"wp:term":[{"taxonomy":"category","embeddable":true,"href":"https:\/\/encuentroinformativo.com.mx\/index.php?rest_route=%2Fwp%2Fv2%2Fcategories&post=31580"},{"taxonomy":"post_tag","embeddable":true,"href":"https:\/\/encuentroinformativo.com.mx\/index.php?rest_route=%2Fwp%2Fv2%2Ftags&post=31580"}],"curies":[{"name":"wp","href":"https:\/\/api.w.org\/{rel}","templated":true}]}}