{"id":31583,"date":"2022-09-12T15:09:23","date_gmt":"2022-09-12T20:09:23","guid":{"rendered":"https:\/\/encuentroinformativo.com.mx\/?p=31583"},"modified":"2022-09-12T15:09:27","modified_gmt":"2022-09-12T20:09:27","slug":"promueve-dif-de-boca-carrera-amanc-2022","status":"publish","type":"post","link":"https:\/\/encuentroinformativo.com.mx\/?p=31583","title":{"rendered":"Promueve DIF de Boca &#8220;Carrera AMANC 2022&#8221;"},"content":{"rendered":"\n<p><strong>Alejandro \u00c1vila<\/strong><\/p>\n\n\n\n<p>Boca del R\u00edo, Ver.- El DIF de Boca del R\u00edo invita a la ciudadan\u00eda a participar el pr\u00f3ximo 12 de noviembre en la &#8220;Carrera AMANC 2022&#8221;, evento a beneficio de los ni\u00f1os con c\u00e1ncer.<\/p>\n\n\n\n<p>La presidenta del DIF boque\u00f1o, Melina Rivera Robert, en compa\u00f1\u00eda de la presidenta de AMANC Veracruz, Susana Lara Garc\u00eda, y la directora del DIF, Yamileth Herrera D\u00edaz; destacaron que con lo recaudado se podr\u00e1 apoyar en sus tratamientos a 135 ni\u00f1os que padecen c\u00e1ncer.<\/p>\n\n\n\n<p>La carrera de 3 y 5 kil\u00f3metros, se llevar\u00e1 a cabo en la Plaza de los Valores en el municipio de Boca del R\u00edo.<\/p>\n\n\n\n<p>&#8220;La de 3 kil\u00f3metros la pueden correr o la pueden caminar, mucha gente lleva a sus ni\u00f1os en carreolas para convivir, y adem\u00e1s va a haber premiaciones, va a haber regalos, va a haber una t\u00f3mbola, y lo importante es lo que se va a hacer, ayudar a estas personas que est\u00e1n pasando, est\u00e1s familias del Estado de Veracruz que vienen a recibir su tratamiento a la Torre Pedi\u00e1trica, la cual ha cobrado mayor relevancia en el estado&#8221;, puntualiz\u00f3.<\/p>\n\n\n\n<p>Susana Lara dijo que la asociaci\u00f3n que preside, ha incrementado el registro de peque\u00f1os con padecimiento del c\u00e1ncer del sur del estado, ni\u00f1os provenientes de Acayucan, Minatitl\u00e1n, Coatzacoalcos, Oluta; incluso del estado de Oaxaca.<\/p>\n\n\n\n<p>De la misma manera, solicit\u00f3 a los padres de familia estar pendientes de sus peque\u00f1os, pues en \u00faltimas fechas cuentan con ni\u00f1os de 2 hasta 5 a\u00f1os con el padecimiento de c\u00e1ncer.<\/p>\n","protected":false},"excerpt":{"rendered":"<p>Alejandro \u00c1vila Boca del R\u00edo, Ver.- El DIF de Boca del R\u00edo invita a la ciudadan\u00eda a participar el pr\u00f3ximo 12 de noviembre en la &#8220;Carrera AMANC 2022&#8221;, evento a beneficio de los ni\u00f1os con c\u00e1ncer. La presidenta del DIF boque\u00f1o, Melina Rivera Robert, en compa\u00f1\u00eda de la presidenta de AMANC Veracruz, Susana Lara Garc\u00eda, [&hellip;]<\/p>\n","protected":false},"author":1,"featured_media":31584,"comment_status":"open","ping_status":"open","sticky":false,"template":"","format":"standard","meta":{"_jetpack_memberships_contains_paid_content":false,"footnotes":""},"categories":[2],"tags":[],"class_list":["post-31583","post","type-post","status-publish","format-standard","has-post-thumbnail","hentry","category-estado"],"jetpack_featured_media_url":"https:\/\/encuentroinformativo.com.mx\/wp-content\/uploads\/2022\/09\/576E299A-7EB4-4E2F-A3B2-1EDBA3E7A724.jpeg","jetpack_sharing_enabled":true,"jetpack_likes_enabled":true,"amp_enabled":true,"_links":{"self":[{"href":"https:\/\/encuentroinformativo.com.mx\/index.php?rest_route=\/wp\/v2\/posts\/31583","targetHints":{"allow":["GET"]}}],"collection":[{"href":"https:\/\/encuentroinformativo.com.mx\/index.php?rest_route=\/wp\/v2\/posts"}],"about":[{"href":"https:\/\/encuentroinformativo.com.mx\/index.php?rest_route=\/wp\/v2\/types\/post"}],"author":[{"embeddable":true,"href":"https:\/\/encuentroinformativo.com.mx\/index.php?rest_route=\/wp\/v2\/users\/1"}],"replies":[{"embeddable":true,"href":"https:\/\/encuentroinformativo.com.mx\/index.php?rest_route=%2Fwp%2Fv2%2Fcomments&post=31583"}],"version-history":[{"count":1,"href":"https:\/\/encuentroinformativo.com.mx\/index.php?rest_route=\/wp\/v2\/posts\/31583\/revisions"}],"predecessor-version":[{"id":31585,"href":"https:\/\/encuentroinformativo.com.mx\/index.php?rest_route=\/wp\/v2\/posts\/31583\/revisions\/31585"}],"wp:featuredmedia":[{"embeddable":true,"href":"https:\/\/encuentroinformativo.com.mx\/index.php?rest_route=\/wp\/v2\/media\/31584"}],"wp:attachment":[{"href":"https:\/\/encuentroinformativo.com.mx\/index.php?rest_route=%2Fwp%2Fv2%2Fmedia&parent=31583"}],"wp:term":[{"taxonomy":"category","embeddable":true,"href":"https:\/\/encuentroinformativo.com.mx\/index.php?rest_route=%2Fwp%2Fv2%2Fcategories&post=31583"},{"taxonomy":"post_tag","embeddable":true,"href":"https:\/\/encuentroinformativo.com.mx\/index.php?rest_route=%2Fwp%2Fv2%2Ftags&post=31583"}],"curies":[{"name":"wp","href":"https:\/\/api.w.org\/{rel}","templated":true}]}}