{"id":31589,"date":"2022-09-12T16:18:15","date_gmt":"2022-09-12T21:18:15","guid":{"rendered":"https:\/\/encuentroinformativo.com.mx\/?p=31589"},"modified":"2022-09-12T16:18:18","modified_gmt":"2022-09-12T21:18:18","slug":"inaugura-alcalde-jm-unanue-unidad-deportiva-manlio-fabio-altamirano","status":"publish","type":"post","link":"https:\/\/encuentroinformativo.com.mx\/?p=31589","title":{"rendered":"Inaugura Alcalde JM Un\u00e1nue unidad deportiva Manlio Fabio Altamirano"},"content":{"rendered":"\n<p><strong>*Despu\u00e9s de estar en abandono, este espacio qued\u00f3 como nuevo en beneficio de los habitantes de la colonia Remes.<\/strong><\/p>\n\n\n\n<p>Boca del R\u00edo, Ver.- M\u00e1s de cuatro mil habitantes de la colonia Remes, podr\u00e1n usar y disfrutar, las reci\u00e9n rehabilitadas instalaciones del parque y unidad deportiva Manlio Fabio Altamirano, por lo que el Alcalde Juan Manuel Un\u00e1nue Abascal, inaugur\u00f3 el renovado espacio deportivo.<\/p>\n\n\n\n<p>\u201cTendr\u00e1n la oportunidad de disfrutar de un parque renovado y con nueva infraestructura para venir a practicar alg\u00fan deporte, para pasear a sus mascotas y para que los peque\u00f1os se puedan divertir en los juegos que rehabilitamos\u201d.<\/p>\n\n\n\n<p>Ante decenas de vecinos que se dieron cita para recibir la buena noticia, el mun\u00edcipe dijo que por la pandemia y por otros motivos, se encontraban descuidadas algunas partes de la ciudad, sin embargo, su gobierno inici\u00f3 con arduo trabajo en estos nueve meses de administraci\u00f3n.<\/p>\n\n\n\n<p>\u201c\u00bfY qu\u00e9 quer\u00edamos hacer?, pues tener al cien por ciento las unidades deportivas, los parques y este es uno de los casos importantes, ya est\u00e1 cien por ciento rehabilitada esta unidad deportiva\u201d, destac\u00f3 Un\u00e1nue Abascal.<\/p>\n\n\n\n<p>Entre los trabajos que se realizaron, se atendieron en su totalidad las 17 bancas de concreto, adem\u00e1s del mejoramiento de los 12 postes del alumbrado p\u00fablico, para tener una zona bien iluminada.<\/p>\n\n\n\n<p>Desde ya, ni\u00f1as y ni\u00f1os pueden utilizar con total seguridad el \u00e1rea de juegos, pues se recuperaron los columpios y resbaladillas, dot\u00e1ndoles de pintura anticorrosiva y esmaltes especiales para que duren en mejor estado por mayor tiempo.<\/p>\n\n\n\n<p>La cancha de futbol est\u00e1 totalmente renovada con pasto sint\u00e9tico, gracias a la donaci\u00f3n de la iniciativa privada; se remplaz\u00f3 160 metros cuadrados de malla cicl\u00f3nica en todo el per\u00edmetro de cancha y malla protectora.<\/p>\n\n\n\n<p>Adem\u00e1s, se rehabilitaron las dos porter\u00edas, se pintaron y se instalaron las dos redes especiales para poder ofrecer un mejor servicio a los deportistas.<\/p>\n\n\n\n<p>\u201cSe rehabilitaron mil 100 metros lineales de guarniciones con resanado y pintura de color amarillo y blanco tr\u00e1fico en interior y exterior del parque. Tambi\u00e9n le dimos mantenimiento a la fuente, ya que se destaparon y limpiaron las cinco boquillas, se lav\u00f3 la cisterna, se instal\u00f3 una bomba nueva para el buen funcionamiento de la fuente\u201d.<\/p>\n\n\n\n<p>Por otra parte, se intervinieron m\u00e1s de 400 metros cuadrados de la barda perimetral de la cancha, para dar seguridad a quienes la utilicen, con repello, pintura y un rotulado especial.<\/p>\n\n\n\n<p>El siguiente paso ser\u00e1 la conformaci\u00f3n de un comit\u00e9 de vecinos, quienes se encargar\u00e1n de dar seguimiento para que las reci\u00e9n entregadas instalaciones, se mantengan en buenas condiciones para su uso y disfrute de todas y todos.<\/p>\n\n\n\n<figure class=\"wp-block-image size-large\"><img loading=\"lazy\" decoding=\"async\" width=\"1024\" height=\"576\" src=\"https:\/\/encuentroinformativo.com.mx\/wp-content\/uploads\/2022\/09\/A2A7DE34-77B5-4B40-97B3-45EC5FD5BBE4.jpeg\" alt=\"\" class=\"wp-image-31591\" srcset=\"https:\/\/encuentroinformativo.com.mx\/wp-content\/uploads\/2022\/09\/A2A7DE34-77B5-4B40-97B3-45EC5FD5BBE4.jpeg 1024w, https:\/\/encuentroinformativo.com.mx\/wp-content\/uploads\/2022\/09\/A2A7DE34-77B5-4B40-97B3-45EC5FD5BBE4-300x169.jpeg 300w, https:\/\/encuentroinformativo.com.mx\/wp-content\/uploads\/2022\/09\/A2A7DE34-77B5-4B40-97B3-45EC5FD5BBE4-768x432.jpeg 768w\" sizes=\"auto, (max-width: 1024px) 100vw, 1024px\" \/><\/figure>\n","protected":false},"excerpt":{"rendered":"<p>*Despu\u00e9s de estar en abandono, este espacio qued\u00f3 como nuevo en beneficio de los habitantes de la colonia Remes. Boca del R\u00edo, Ver.- M\u00e1s de cuatro mil habitantes de la colonia Remes, podr\u00e1n usar y disfrutar, las reci\u00e9n rehabilitadas instalaciones del parque y unidad deportiva Manlio Fabio Altamirano, por lo que el Alcalde Juan Manuel [&hellip;]<\/p>\n","protected":false},"author":1,"featured_media":31590,"comment_status":"open","ping_status":"open","sticky":false,"template":"","format":"standard","meta":{"_jetpack_memberships_contains_paid_content":false,"footnotes":""},"categories":[2],"tags":[],"class_list":["post-31589","post","type-post","status-publish","format-standard","has-post-thumbnail","hentry","category-estado"],"jetpack_featured_media_url":"https:\/\/encuentroinformativo.com.mx\/wp-content\/uploads\/2022\/09\/AA345968-5826-43FE-82F4-A7FB8A993578.jpeg","jetpack_sharing_enabled":true,"jetpack_likes_enabled":true,"amp_enabled":true,"_links":{"self":[{"href":"https:\/\/encuentroinformativo.com.mx\/index.php?rest_route=\/wp\/v2\/posts\/31589","targetHints":{"allow":["GET"]}}],"collection":[{"href":"https:\/\/encuentroinformativo.com.mx\/index.php?rest_route=\/wp\/v2\/posts"}],"about":[{"href":"https:\/\/encuentroinformativo.com.mx\/index.php?rest_route=\/wp\/v2\/types\/post"}],"author":[{"embeddable":true,"href":"https:\/\/encuentroinformativo.com.mx\/index.php?rest_route=\/wp\/v2\/users\/1"}],"replies":[{"embeddable":true,"href":"https:\/\/encuentroinformativo.com.mx\/index.php?rest_route=%2Fwp%2Fv2%2Fcomments&post=31589"}],"version-history":[{"count":1,"href":"https:\/\/encuentroinformativo.com.mx\/index.php?rest_route=\/wp\/v2\/posts\/31589\/revisions"}],"predecessor-version":[{"id":31592,"href":"https:\/\/encuentroinformativo.com.mx\/index.php?rest_route=\/wp\/v2\/posts\/31589\/revisions\/31592"}],"wp:featuredmedia":[{"embeddable":true,"href":"https:\/\/encuentroinformativo.com.mx\/index.php?rest_route=\/wp\/v2\/media\/31590"}],"wp:attachment":[{"href":"https:\/\/encuentroinformativo.com.mx\/index.php?rest_route=%2Fwp%2Fv2%2Fmedia&parent=31589"}],"wp:term":[{"taxonomy":"category","embeddable":true,"href":"https:\/\/encuentroinformativo.com.mx\/index.php?rest_route=%2Fwp%2Fv2%2Fcategories&post=31589"},{"taxonomy":"post_tag","embeddable":true,"href":"https:\/\/encuentroinformativo.com.mx\/index.php?rest_route=%2Fwp%2Fv2%2Ftags&post=31589"}],"curies":[{"name":"wp","href":"https:\/\/api.w.org\/{rel}","templated":true}]}}