{"id":3160,"date":"2020-06-07T16:17:14","date_gmt":"2020-06-07T21:17:14","guid":{"rendered":"https:\/\/encuentroinformativo.com\/?p=3160"},"modified":"2020-06-07T16:17:18","modified_gmt":"2020-06-07T21:17:18","slug":"veracruz-requiere-acciones-para-reactivar-economia-senala-pan","status":"publish","type":"post","link":"https:\/\/encuentroinformativo.com.mx\/?p=3160","title":{"rendered":"Veracruz requiere acciones para reactivar econom\u00eda, se\u00f1ala PAN"},"content":{"rendered":"\n<p><strong>Juan Arcos <\/strong><\/p>\n\n\n\n<p>Xalapa, Ver.- El dirigente estatal del Partido Acci\u00f3n Nacional (PAN), Joaqu\u00edn Guzm\u00e1n Avil\u00e9s, pidi\u00f3 al presidente Andr\u00e9s Manuel L\u00f3pez Obrador que enfoque su tiempo en acciones que realmente beneficien el desarrollo econ\u00f3mico de Veracruz.<\/p>\n\n\n\n<p>El l\u00edder del albiazul opin\u00f3 que la gira presidencial en la zona sur de Veracruz corresponde a un acto de \u201cprotagonismo\u201d y un intento por tapar el descontento social.<\/p>\n\n\n\n<p>Al igual que otros actores pol\u00edticos, se pronunci\u00f3 en contra de la irresponsabilidad en dicha gira, pues Veracruz contin\u00faa en foco rojo ante el alto n\u00famero de contagios y fallecimientos por Covid-19.<\/p>\n\n\n\n<p>\u201cLa terquedad del Ejecutivo federal se manifiesta con la visita al sur de Veracruz, poniendo en riesgo a la poblaci\u00f3n veracruzana bajo el pretexto de supervisar el avance de sus mega proyectos que en reiteradas ocasiones se han se\u00f1alado por ser inviables\u201d.<\/p>\n\n\n\n<p>En ese sentido, le pidi\u00f3 acciones que realmente contribuyan a la reactivaci\u00f3n econ\u00f3mica en la entidad, como la gesti\u00f3n para que Petr\u00f3leos Mexicanos (PEMEX) pague la deuda que mantiene con proveedores locales, pues esto podr\u00eda contribuir a que haya circulante en la zona.<\/p>\n\n\n\n<p>Adem\u00e1s, Guzm\u00e1n Avil\u00e9s refiri\u00f3 que el mandatario federal podr\u00eda establecer que las licitaciones de los proyectos de inversi\u00f3n del ramo fueran para empresas nacionales y espec\u00edficamente empresas locales.<\/p>\n\n\n\n<p>Tambi\u00e9n propuso que se otorgue un seguro de desempleo a todas y todos aquellos que lo hayan perdido, lig\u00e1ndolo con proyectos locales que permitan reintegrar a la poblaci\u00f3n lo antes posible al ciclo productivo.<\/p>\n\n\n\n<p>Mencion\u00f3 que si Gobierno Federal estuviera interesado en contribuir a la reactivaci\u00f3n econ\u00f3mica del estado, deber\u00eda otorgar cr\u00e9ditos blandos a todas las empresas y se destine mayor recurso a obras de infraestructura aterrizadas directamente en los municipios en todo el pa\u00eds.<\/p>\n\n\n\n<p>\u201cSi se quiere reactivar la econom\u00eda, antes debemos reactivar la conciencia de los ciudadanos del momento tan cr\u00edtico de salud en el que estamos, y de las muertes que seguir\u00e1n aumentando si no se fortalecen las medidas sanitarias y se pone un freno al protagonismo del presidente. En Veracruz queremos soluciones, no visiones. Que la gira resuelva\u201d, finaliz\u00f3.<\/p>\n\n\n\n<p><\/p>\n","protected":false},"excerpt":{"rendered":"<p>Juan Arcos Xalapa, Ver.- El dirigente estatal del Partido Acci\u00f3n Nacional (PAN), Joaqu\u00edn Guzm\u00e1n Avil\u00e9s, pidi\u00f3 al presidente Andr\u00e9s Manuel L\u00f3pez Obrador que enfoque su tiempo en acciones que realmente beneficien el desarrollo econ\u00f3mico de Veracruz. El l\u00edder del albiazul opin\u00f3 que la gira presidencial en la zona sur de Veracruz corresponde a un acto [&hellip;]<\/p>\n","protected":false},"author":1,"featured_media":3161,"comment_status":"open","ping_status":"open","sticky":false,"template":"","format":"standard","meta":{"_jetpack_memberships_contains_paid_content":false,"footnotes":""},"categories":[2],"tags":[],"class_list":["post-3160","post","type-post","status-publish","format-standard","has-post-thumbnail","hentry","category-estado"],"jetpack_featured_media_url":"https:\/\/encuentroinformativo.com.mx\/wp-content\/uploads\/2020\/06\/E5FCBA8B-BA46-4CB6-954B-C170BE25EC8B.jpeg","jetpack_sharing_enabled":true,"jetpack_likes_enabled":true,"amp_enabled":true,"_links":{"self":[{"href":"https:\/\/encuentroinformativo.com.mx\/index.php?rest_route=\/wp\/v2\/posts\/3160","targetHints":{"allow":["GET"]}}],"collection":[{"href":"https:\/\/encuentroinformativo.com.mx\/index.php?rest_route=\/wp\/v2\/posts"}],"about":[{"href":"https:\/\/encuentroinformativo.com.mx\/index.php?rest_route=\/wp\/v2\/types\/post"}],"author":[{"embeddable":true,"href":"https:\/\/encuentroinformativo.com.mx\/index.php?rest_route=\/wp\/v2\/users\/1"}],"replies":[{"embeddable":true,"href":"https:\/\/encuentroinformativo.com.mx\/index.php?rest_route=%2Fwp%2Fv2%2Fcomments&post=3160"}],"version-history":[{"count":1,"href":"https:\/\/encuentroinformativo.com.mx\/index.php?rest_route=\/wp\/v2\/posts\/3160\/revisions"}],"predecessor-version":[{"id":3162,"href":"https:\/\/encuentroinformativo.com.mx\/index.php?rest_route=\/wp\/v2\/posts\/3160\/revisions\/3162"}],"wp:featuredmedia":[{"embeddable":true,"href":"https:\/\/encuentroinformativo.com.mx\/index.php?rest_route=\/wp\/v2\/media\/3161"}],"wp:attachment":[{"href":"https:\/\/encuentroinformativo.com.mx\/index.php?rest_route=%2Fwp%2Fv2%2Fmedia&parent=3160"}],"wp:term":[{"taxonomy":"category","embeddable":true,"href":"https:\/\/encuentroinformativo.com.mx\/index.php?rest_route=%2Fwp%2Fv2%2Fcategories&post=3160"},{"taxonomy":"post_tag","embeddable":true,"href":"https:\/\/encuentroinformativo.com.mx\/index.php?rest_route=%2Fwp%2Fv2%2Ftags&post=3160"}],"curies":[{"name":"wp","href":"https:\/\/api.w.org\/{rel}","templated":true}]}}