{"id":31605,"date":"2022-09-13T10:07:33","date_gmt":"2022-09-13T15:07:33","guid":{"rendered":"https:\/\/encuentroinformativo.com.mx\/?p=31605"},"modified":"2022-09-13T10:07:36","modified_gmt":"2022-09-13T15:07:36","slug":"por-falta-de-maestros-y-cambio-de-director-protestan-en-esti-148","status":"publish","type":"post","link":"https:\/\/encuentroinformativo.com.mx\/?p=31605","title":{"rendered":"Por falta de maestros y cambio de director, protestan en ESTI 148"},"content":{"rendered":"\n<p><strong>Alejandro \u00c1vila<\/strong><\/p>\n\n\n\n<p>Veracruz, Ver.- A primera hora de este martes 13 de septiembre padres de familia se manifestaron en la Escuela Secundaria T\u00e9cnica Industrial (ESTI) n\u00famero 148 del Puerto de Veracruz.<\/p>\n\n\n\n<p>Los quejosos se\u00f1alan qu\u00e9 se encuentran inconformes con el cambio de director, pues encontraron en lomar Espartaco L\u00f3pez Mar\u00edn, a un docente que si se preocupaba por el plantel educativo y sus alumnos; al mismo tiempo reclamaron que desde hace casi 3 a\u00f1os no cuentan con maestros para ciertas materias.<\/p>\n\n\n\n<p>&#8220;Espa\u00f1ol, Formaci\u00f3n C\u00edvica y \u00c9tica, y Refrigeraci\u00f3n (\u2026) pues mi hijo ya va en tercer a\u00f1o y los dos a\u00f1os pasados no hab\u00eda, hay quienes no cubren esa \u00e1rea de primero, segundo y tercer a\u00f1o, talleres de los 3 a\u00f1os (\u2026) en taller son como 200 alumnos, ah\u00ed s\u00ed, esa parte espec\u00edficamente no\u2026 solamente se nos ha comunicado de que hacen falta muchas horas por cubrir en esta escuela de maestros, y sin embargo el director ha hecho un programa de reajustes para que los ni\u00f1os no quedar\u00e1n solos fuera de clase, qu\u00e9 esa clase que no s\u00e9 de, alguien nos cubriera para que no estuvieran pensando en, \u00bfa ver qu\u00e9 hacemos?&#8221;, dijo Marlin Yazm\u00edn Mart\u00ednez Santos, presidenta de la Asociaci\u00f3n de Padres de Familia.<\/p>\n\n\n\n<p>Finalmente los padres de familia solicitaron ser atendidos por la Secretar\u00eda de Educaci\u00f3n de Veracruz (SEV), a qui\u00e9n le pidieron poner atenci\u00f3n sobre su queja.<\/p>\n\n\n\n<p>&#8220;No pedimos algo que est\u00e9 fuera de un alcance de ellos y de un alcance de nosotros, porque el resultado se est\u00e1 dando, creo que a la SEV\u2026 lo que pensamos es que maestros como \u00e9l conviene tenerlos y tenerlos en una escuela d\u00f3nde est\u00e1 dando el resultado&#8221;, remat\u00f3.<\/p>\n\n\n\n<figure class=\"wp-block-image size-large\"><img loading=\"lazy\" decoding=\"async\" width=\"1024\" height=\"768\" src=\"https:\/\/encuentroinformativo.com.mx\/wp-content\/uploads\/2022\/09\/1F32C126-FC93-4E02-935B-2759422DDEC7-1024x768.jpeg\" alt=\"\" class=\"wp-image-31607\" srcset=\"https:\/\/encuentroinformativo.com.mx\/wp-content\/uploads\/2022\/09\/1F32C126-FC93-4E02-935B-2759422DDEC7-1024x768.jpeg 1024w, https:\/\/encuentroinformativo.com.mx\/wp-content\/uploads\/2022\/09\/1F32C126-FC93-4E02-935B-2759422DDEC7-300x225.jpeg 300w, https:\/\/encuentroinformativo.com.mx\/wp-content\/uploads\/2022\/09\/1F32C126-FC93-4E02-935B-2759422DDEC7-768x576.jpeg 768w, https:\/\/encuentroinformativo.com.mx\/wp-content\/uploads\/2022\/09\/1F32C126-FC93-4E02-935B-2759422DDEC7-1536x1153.jpeg 1536w, https:\/\/encuentroinformativo.com.mx\/wp-content\/uploads\/2022\/09\/1F32C126-FC93-4E02-935B-2759422DDEC7.jpeg 1599w\" sizes=\"auto, (max-width: 1024px) 100vw, 1024px\" \/><\/figure>\n","protected":false},"excerpt":{"rendered":"<p>Alejandro \u00c1vila Veracruz, Ver.- A primera hora de este martes 13 de septiembre padres de familia se manifestaron en la Escuela Secundaria T\u00e9cnica Industrial (ESTI) n\u00famero 148 del Puerto de Veracruz. Los quejosos se\u00f1alan qu\u00e9 se encuentran inconformes con el cambio de director, pues encontraron en lomar Espartaco L\u00f3pez Mar\u00edn, a un docente que si [&hellip;]<\/p>\n","protected":false},"author":1,"featured_media":31606,"comment_status":"open","ping_status":"open","sticky":false,"template":"","format":"standard","meta":{"_jetpack_memberships_contains_paid_content":false,"footnotes":""},"categories":[2],"tags":[],"class_list":["post-31605","post","type-post","status-publish","format-standard","has-post-thumbnail","hentry","category-estado"],"jetpack_featured_media_url":"https:\/\/encuentroinformativo.com.mx\/wp-content\/uploads\/2022\/09\/BFEE7CD2-7321-4A34-B0E3-41E5A4A8C29E.jpeg","jetpack_sharing_enabled":true,"jetpack_likes_enabled":true,"amp_enabled":true,"_links":{"self":[{"href":"https:\/\/encuentroinformativo.com.mx\/index.php?rest_route=\/wp\/v2\/posts\/31605","targetHints":{"allow":["GET"]}}],"collection":[{"href":"https:\/\/encuentroinformativo.com.mx\/index.php?rest_route=\/wp\/v2\/posts"}],"about":[{"href":"https:\/\/encuentroinformativo.com.mx\/index.php?rest_route=\/wp\/v2\/types\/post"}],"author":[{"embeddable":true,"href":"https:\/\/encuentroinformativo.com.mx\/index.php?rest_route=\/wp\/v2\/users\/1"}],"replies":[{"embeddable":true,"href":"https:\/\/encuentroinformativo.com.mx\/index.php?rest_route=%2Fwp%2Fv2%2Fcomments&post=31605"}],"version-history":[{"count":1,"href":"https:\/\/encuentroinformativo.com.mx\/index.php?rest_route=\/wp\/v2\/posts\/31605\/revisions"}],"predecessor-version":[{"id":31608,"href":"https:\/\/encuentroinformativo.com.mx\/index.php?rest_route=\/wp\/v2\/posts\/31605\/revisions\/31608"}],"wp:featuredmedia":[{"embeddable":true,"href":"https:\/\/encuentroinformativo.com.mx\/index.php?rest_route=\/wp\/v2\/media\/31606"}],"wp:attachment":[{"href":"https:\/\/encuentroinformativo.com.mx\/index.php?rest_route=%2Fwp%2Fv2%2Fmedia&parent=31605"}],"wp:term":[{"taxonomy":"category","embeddable":true,"href":"https:\/\/encuentroinformativo.com.mx\/index.php?rest_route=%2Fwp%2Fv2%2Fcategories&post=31605"},{"taxonomy":"post_tag","embeddable":true,"href":"https:\/\/encuentroinformativo.com.mx\/index.php?rest_route=%2Fwp%2Fv2%2Ftags&post=31605"}],"curies":[{"name":"wp","href":"https:\/\/api.w.org\/{rel}","templated":true}]}}